{"id":29,"date":"2023-08-24T20:23:46","date_gmt":"2023-08-24T20:23:46","guid":{"rendered":"https:\/\/tvstud-siegen.de\/?p=29"},"modified":"2023-08-24T20:38:02","modified_gmt":"2023-08-24T20:38:02","slug":"tvstud-siegen-gibts-nun-auch-als-blog","status":"publish","type":"post","link":"https:\/\/tvstud-siegen.de\/?p=29","title":{"rendered":"TVStud-Siegen auch als Blog"},"content":{"rendered":"\n<p>TVStud-Siegen gibts nun auch als Blog! Hier findet ihr aktuelle Informationen zu geplanten Aktionen, Vortr\u00e4gen oder Updates zum Tarifkampf. Wir geh\u00f6ren zur <a href=\"https:\/\/tvstud.de\">bundesweiten TVStud-Bewegung<\/a> und setzen uns als lokale Initiativen f\u00fcr die Interessen von SHKs und WHBs an der Uni Siegen ein. Du findest uns auch auf <a href=\"https:\/\/t.me\/joinchat\/e2fMgEWI5_ozZDcy\">Telegram<\/a> und <a href=\"https:\/\/www.instagram.com\/tvstud_siegen\/\">Instagram<\/a>. Sei auch du dabei und <a href=\"https:\/\/tvstud-siegen.de\">let&#8217;s get organized!<\/a><\/p>\n","protected":false},"excerpt":{"rendered":"<p>TVStud-Siegen gibts nun auch als Blog! Hier findet ihr aktuelle Informationen zu geplanten Aktionen, Vortr\u00e4gen oder Updates zum Tarifkampf. Wir geh\u00f6ren zur bundesweiten TVStud-Bewegung und setzen uns als lokale Initiativen f\u00fcr die Interessen von SHKs und WHBs an der Uni Siegen ein. Du findest uns auch auf Telegram und Instagram. Sei auch du dabei und&hellip; <a class=\"more-link\" href=\"https:\/\/tvstud-siegen.de\/?p=29\"><span class=\"screen-reader-text\">TVStud-Siegen auch als Blog<\/span> weiterlesen<\/a><\/p>\n","protected":false},"author":1,"featured_media":0,"comment_status":"open","ping_status":"open","sticky":false,"template":"","format":"standard","meta":{"footnotes":""},"categories":[1],"tags":[],"class_list":["post-29","post","type-post","status-publish","format-standard","hentry","category-uncategorized","entry"],"yoast_head":"<!-- This site is optimized with the Yoast SEO plugin v26.3 - https:\/\/yoast.com\/wordpress\/plugins\/seo\/ -->\n<title>TVStud-Siegen auch als Blog - TV-Stud Siegen<\/title>\n<meta name=\"description\" content=\"TVStud-Siegen nun auch jenseits von Instagram und Telegram als Blog! Hier findet ihr aktuelle Informationen zu geplanten Aktionen.\" \/>\n<meta name=\"robots\" content=\"index, follow, max-snippet:-1, max-image-preview:large, max-video-preview:-1\" \/>\n<link rel=\"canonical\" href=\"https:\/\/tvstud-siegen.de\/?p=29\" \/>\n<meta property=\"og:locale\" content=\"de_DE\" \/>\n<meta property=\"og:type\" content=\"article\" \/>\n<meta property=\"og:title\" content=\"TVStud-Siegen auch als Blog - TV-Stud Siegen\" \/>\n<meta property=\"og:description\" content=\"TVStud-Siegen nun auch jenseits von Instagram und Telegram als Blog! Hier findet ihr aktuelle Informationen zu geplanten Aktionen.\" \/>\n<meta property=\"og:url\" content=\"https:\/\/tvstud-siegen.de\/?p=29\" \/>\n<meta property=\"og:site_name\" content=\"TV-Stud Siegen\" \/>\n<meta property=\"article:published_time\" content=\"2023-08-24T20:23:46+00:00\" \/>\n<meta property=\"article:modified_time\" content=\"2023-08-24T20:38:02+00:00\" \/>\n<meta name=\"author\" content=\"admin\" \/>\n<meta name=\"twitter:card\" content=\"summary_large_image\" \/>\n<meta name=\"twitter:label1\" content=\"Verfasst von\" \/>\n\t<meta name=\"twitter:data1\" content=\"admin\" \/>\n\t<meta name=\"twitter:label2\" content=\"Gesch\u00e4tzte Lesezeit\" \/>\n\t<meta name=\"twitter:data2\" content=\"1\u00a0Minute\" \/>\n<script type=\"application\/ld+json\" class=\"yoast-schema-graph\">{\"@context\":\"https:\/\/schema.org\",\"@graph\":[{\"@type\":\"WebPage\",\"@id\":\"https:\/\/tvstud-siegen.de\/?p=29\",\"url\":\"https:\/\/tvstud-siegen.de\/?p=29\",\"name\":\"TVStud-Siegen auch als Blog - TV-Stud Siegen\",\"isPartOf\":{\"@id\":\"https:\/\/tvstud-siegen.de\/#website\"},\"datePublished\":\"2023-08-24T20:23:46+00:00\",\"dateModified\":\"2023-08-24T20:38:02+00:00\",\"author\":{\"@id\":\"https:\/\/tvstud-siegen.de\/#\/schema\/person\/9ca2c1b62e03b88fc4d50676e230bc9d\"},\"description\":\"TVStud-Siegen nun auch jenseits von Instagram und Telegram als Blog! Hier findet ihr aktuelle Informationen zu geplanten Aktionen.\",\"breadcrumb\":{\"@id\":\"https:\/\/tvstud-siegen.de\/?p=29#breadcrumb\"},\"inLanguage\":\"de\",\"potentialAction\":[{\"@type\":\"ReadAction\",\"target\":[\"https:\/\/tvstud-siegen.de\/?p=29\"]}]},{\"@type\":\"BreadcrumbList\",\"@id\":\"https:\/\/tvstud-siegen.de\/?p=29#breadcrumb\",\"itemListElement\":[{\"@type\":\"ListItem\",\"position\":1,\"name\":\"Home\",\"item\":\"https:\/\/tvstud-siegen.de\/\"},{\"@type\":\"ListItem\",\"position\":2,\"name\":\"TVStud-Siegen auch als Blog\"}]},{\"@type\":\"WebSite\",\"@id\":\"https:\/\/tvstud-siegen.de\/#website\",\"url\":\"https:\/\/tvstud-siegen.de\/\",\"name\":\"TV-Stud Siegen\",\"description\":\"Gewerkschaftliche Basisbewegung f\u00fcr einen Tarifvertrag und Mitbestimmung f\u00fcr Studentische Besch\u00e4ftigte\",\"potentialAction\":[{\"@type\":\"SearchAction\",\"target\":{\"@type\":\"EntryPoint\",\"urlTemplate\":\"https:\/\/tvstud-siegen.de\/?s={search_term_string}\"},\"query-input\":{\"@type\":\"PropertyValueSpecification\",\"valueRequired\":true,\"valueName\":\"search_term_string\"}}],\"inLanguage\":\"de\"},{\"@type\":\"Person\",\"@id\":\"https:\/\/tvstud-siegen.de\/#\/schema\/person\/9ca2c1b62e03b88fc4d50676e230bc9d\",\"name\":\"admin\",\"image\":{\"@type\":\"ImageObject\",\"inLanguage\":\"de\",\"@id\":\"https:\/\/tvstud-siegen.de\/#\/schema\/person\/image\/\",\"url\":\"https:\/\/secure.gravatar.com\/avatar\/694c79f59dc51d704688f8dfb729916499e50c2cc884415d8cb2fedf37f183ec?s=96&d=mm&r=g\",\"contentUrl\":\"https:\/\/secure.gravatar.com\/avatar\/694c79f59dc51d704688f8dfb729916499e50c2cc884415d8cb2fedf37f183ec?s=96&d=mm&r=g\",\"caption\":\"admin\"},\"sameAs\":[\"https:\/\/tvstud-siegen.de\"],\"url\":\"https:\/\/tvstud-siegen.de\/?author=1\"}]}<\/script>\n<!-- \/ Yoast SEO plugin. -->","yoast_head_json":{"title":"TVStud-Siegen auch als Blog - TV-Stud Siegen","description":"TVStud-Siegen nun auch jenseits von Instagram und Telegram als Blog! Hier findet ihr aktuelle Informationen zu geplanten Aktionen.","robots":{"index":"index","follow":"follow","max-snippet":"max-snippet:-1","max-image-preview":"max-image-preview:large","max-video-preview":"max-video-preview:-1"},"canonical":"https:\/\/tvstud-siegen.de\/?p=29","og_locale":"de_DE","og_type":"article","og_title":"TVStud-Siegen auch als Blog - TV-Stud Siegen","og_description":"TVStud-Siegen nun auch jenseits von Instagram und Telegram als Blog! Hier findet ihr aktuelle Informationen zu geplanten Aktionen.","og_url":"https:\/\/tvstud-siegen.de\/?p=29","og_site_name":"TV-Stud Siegen","article_published_time":"2023-08-24T20:23:46+00:00","article_modified_time":"2023-08-24T20:38:02+00:00","author":"admin","twitter_card":"summary_large_image","twitter_misc":{"Verfasst von":"admin","Gesch\u00e4tzte Lesezeit":"1\u00a0Minute"},"schema":{"@context":"https:\/\/schema.org","@graph":[{"@type":"WebPage","@id":"https:\/\/tvstud-siegen.de\/?p=29","url":"https:\/\/tvstud-siegen.de\/?p=29","name":"TVStud-Siegen auch als Blog - TV-Stud Siegen","isPartOf":{"@id":"https:\/\/tvstud-siegen.de\/#website"},"datePublished":"2023-08-24T20:23:46+00:00","dateModified":"2023-08-24T20:38:02+00:00","author":{"@id":"https:\/\/tvstud-siegen.de\/#\/schema\/person\/9ca2c1b62e03b88fc4d50676e230bc9d"},"description":"TVStud-Siegen nun auch jenseits von Instagram und Telegram als Blog! Hier findet ihr aktuelle Informationen zu geplanten Aktionen.","breadcrumb":{"@id":"https:\/\/tvstud-siegen.de\/?p=29#breadcrumb"},"inLanguage":"de","potentialAction":[{"@type":"ReadAction","target":["https:\/\/tvstud-siegen.de\/?p=29"]}]},{"@type":"BreadcrumbList","@id":"https:\/\/tvstud-siegen.de\/?p=29#breadcrumb","itemListElement":[{"@type":"ListItem","position":1,"name":"Home","item":"https:\/\/tvstud-siegen.de\/"},{"@type":"ListItem","position":2,"name":"TVStud-Siegen auch als Blog"}]},{"@type":"WebSite","@id":"https:\/\/tvstud-siegen.de\/#website","url":"https:\/\/tvstud-siegen.de\/","name":"TV-Stud Siegen","description":"Gewerkschaftliche Basisbewegung f\u00fcr einen Tarifvertrag und Mitbestimmung f\u00fcr Studentische Besch\u00e4ftigte","potentialAction":[{"@type":"SearchAction","target":{"@type":"EntryPoint","urlTemplate":"https:\/\/tvstud-siegen.de\/?s={search_term_string}"},"query-input":{"@type":"PropertyValueSpecification","valueRequired":true,"valueName":"search_term_string"}}],"inLanguage":"de"},{"@type":"Person","@id":"https:\/\/tvstud-siegen.de\/#\/schema\/person\/9ca2c1b62e03b88fc4d50676e230bc9d","name":"admin","image":{"@type":"ImageObject","inLanguage":"de","@id":"https:\/\/tvstud-siegen.de\/#\/schema\/person\/image\/","url":"https:\/\/secure.gravatar.com\/avatar\/694c79f59dc51d704688f8dfb729916499e50c2cc884415d8cb2fedf37f183ec?s=96&d=mm&r=g","contentUrl":"https:\/\/secure.gravatar.com\/avatar\/694c79f59dc51d704688f8dfb729916499e50c2cc884415d8cb2fedf37f183ec?s=96&d=mm&r=g","caption":"admin"},"sameAs":["https:\/\/tvstud-siegen.de"],"url":"https:\/\/tvstud-siegen.de\/?author=1"}]}},"_links":{"self":[{"href":"https:\/\/tvstud-siegen.de\/index.php?rest_route=\/wp\/v2\/posts\/29","targetHints":{"allow":["GET"]}}],"collection":[{"href":"https:\/\/tvstud-siegen.de\/index.php?rest_route=\/wp\/v2\/posts"}],"about":[{"href":"https:\/\/tvstud-siegen.de\/index.php?rest_route=\/wp\/v2\/types\/post"}],"author":[{"embeddable":true,"href":"https:\/\/tvstud-siegen.de\/index.php?rest_route=\/wp\/v2\/users\/1"}],"replies":[{"embeddable":true,"href":"https:\/\/tvstud-siegen.de\/index.php?rest_route=%2Fwp%2Fv2%2Fcomments&post=29"}],"version-history":[{"count":5,"href":"https:\/\/tvstud-siegen.de\/index.php?rest_route=\/wp\/v2\/posts\/29\/revisions"}],"predecessor-version":[{"id":39,"href":"https:\/\/tvstud-siegen.de\/index.php?rest_route=\/wp\/v2\/posts\/29\/revisions\/39"}],"wp:attachment":[{"href":"https:\/\/tvstud-siegen.de\/index.php?rest_route=%2Fwp%2Fv2%2Fmedia&parent=29"}],"wp:term":[{"taxonomy":"category","embeddable":true,"href":"https:\/\/tvstud-siegen.de\/index.php?rest_route=%2Fwp%2Fv2%2Fcategories&post=29"},{"taxonomy":"post_tag","embeddable":true,"href":"https:\/\/tvstud-siegen.de\/index.php?rest_route=%2Fwp%2Fv2%2Ftags&post=29"}],"curies":[{"name":"wp","href":"https:\/\/api.w.org\/{rel}","templated":true}]}}