{"id":54,"date":"2023-09-17T12:28:46","date_gmt":"2023-09-17T12:28:46","guid":{"rendered":"https:\/\/tvstud-siegen.de\/?p=54"},"modified":"2023-09-17T12:28:47","modified_gmt":"2023-09-17T12:28:47","slug":"ver-di-digitale-forderungsbefragung","status":"publish","type":"post","link":"https:\/\/tvstud-siegen.de\/?p=54","title":{"rendered":"ver.di &#8211; Digitale Forderungsbefragung"},"content":{"rendered":"\n<figure class=\"wp-block-image size-large\"><img loading=\"lazy\" decoding=\"async\" width=\"1024\" height=\"1024\" src=\"https:\/\/tvstud-siegen.de\/wp-content\/uploads\/2023\/09\/Forderungsbefragung-1024x1024.jpg\" alt=\"\" class=\"wp-image-55\" srcset=\"https:\/\/tvstud-siegen.de\/wp-content\/uploads\/2023\/09\/Forderungsbefragung-1024x1024.jpg 1024w, https:\/\/tvstud-siegen.de\/wp-content\/uploads\/2023\/09\/Forderungsbefragung-300x300.jpg 300w, https:\/\/tvstud-siegen.de\/wp-content\/uploads\/2023\/09\/Forderungsbefragung-150x150.jpg 150w, https:\/\/tvstud-siegen.de\/wp-content\/uploads\/2023\/09\/Forderungsbefragung-768x768.jpg 768w, https:\/\/tvstud-siegen.de\/wp-content\/uploads\/2023\/09\/Forderungsbefragung.jpg 1280w\" sizes=\"auto, (max-width: 1024px) 100vw, 1024px\" \/><\/figure>\n\n\n\n<p>\ud83d\udce2Noch bis zum 30.9.: JETZT mitbestimmen, was sich an Deinen Arbeitsbedingungen \u00e4ndern soll! Du bist Hilfskraft oder Tutor<em>in an einer Hochschule oder Forschungseinrichtung? Dann nimm dir jetzt 2 Minuten Zeit f\u00fcr die digitale Forderungsbefragung und entscheide mit, welche Verbesserungen f\u00fcr die Arbeitsbedingungen studentischer Besch\u00e4ftigter wir gemeinsam im Herbst erk\u00e4mpfen! Um zu gewinnen, m\u00fcssen wir viele sein: Leite die Befragung deshalb auch an deine Kolleg<\/em>innen weiter.<br>https:\/\/www.tarifrebellion.de\/tarifrebellion\/was-wir-wollen\/tdl-2023\/einstieg\/tv-stud\/<br>Gib au\u00dferdem bitte deine Handynummer an! So k\u00f6nnen dich Kolleg*innen in der Tarifrunde kontaktieren, um dich \u00fcber den aktuellen Stand der Verhandlungen und geplante Aktivit\u00e4ten, wie z.B. Streik, zu informieren. Nur gemeinsam k\u00f6nnen wir gewinnen!\u270a<\/p>\n","protected":false},"excerpt":{"rendered":"<p>\ud83d\udce2Noch bis zum 30.9.: JETZT mitbestimmen, was sich an Deinen Arbeitsbedingungen \u00e4ndern soll! Du bist Hilfskraft oder Tutorin an einer Hochschule oder Forschungseinrichtung? Dann nimm dir jetzt 2 Minuten Zeit f\u00fcr die digitale Forderungsbefragung und entscheide mit, welche Verbesserungen f\u00fcr die Arbeitsbedingungen studentischer Besch\u00e4ftigter wir gemeinsam im Herbst erk\u00e4mpfen! Um zu gewinnen, m\u00fcssen wir viele&hellip; <a class=\"more-link\" href=\"https:\/\/tvstud-siegen.de\/?p=54\"><span class=\"screen-reader-text\">ver.di &#8211; Digitale Forderungsbefragung<\/span> weiterlesen<\/a><\/p>\n","protected":false},"author":1,"featured_media":0,"comment_status":"open","ping_status":"open","sticky":false,"template":"","format":"standard","meta":{"footnotes":""},"categories":[1],"tags":[],"class_list":["post-54","post","type-post","status-publish","format-standard","hentry","category-uncategorized","entry"],"yoast_head":"<!-- This site is optimized with the Yoast SEO plugin v26.3 - https:\/\/yoast.com\/wordpress\/plugins\/seo\/ -->\n<title>ver.di - Digitale Forderungsbefragung - TV-Stud Siegen<\/title>\n<meta name=\"description\" content=\"\ud83d\udce2Noch bis zum 30.9.: JETZT mitbestimmen, was sich an Deinen Arbeitsbedingungen \u00e4ndern soll! Mach mit bei der digitalen Forderungsbefragung!\" \/>\n<meta name=\"robots\" content=\"index, follow, max-snippet:-1, max-image-preview:large, max-video-preview:-1\" \/>\n<link rel=\"canonical\" href=\"https:\/\/tvstud-siegen.de\/?p=54\" \/>\n<meta property=\"og:locale\" content=\"de_DE\" \/>\n<meta property=\"og:type\" content=\"article\" \/>\n<meta property=\"og:title\" content=\"ver.di - Digitale Forderungsbefragung - TV-Stud Siegen\" \/>\n<meta property=\"og:description\" content=\"\ud83d\udce2Noch bis zum 30.9.: JETZT mitbestimmen, was sich an Deinen Arbeitsbedingungen \u00e4ndern soll! Mach mit bei der digitalen Forderungsbefragung!\" \/>\n<meta property=\"og:url\" content=\"https:\/\/tvstud-siegen.de\/?p=54\" \/>\n<meta property=\"og:site_name\" content=\"TV-Stud Siegen\" \/>\n<meta property=\"article:published_time\" content=\"2023-09-17T12:28:46+00:00\" \/>\n<meta property=\"article:modified_time\" content=\"2023-09-17T12:28:47+00:00\" \/>\n<meta property=\"og:image\" content=\"https:\/\/tvstud-siegen.de\/wp-content\/uploads\/2023\/09\/Forderungsbefragung-1024x1024.jpg\" \/>\n<meta name=\"author\" content=\"admin\" \/>\n<meta name=\"twitter:card\" content=\"summary_large_image\" \/>\n<meta name=\"twitter:label1\" content=\"Verfasst von\" \/>\n\t<meta name=\"twitter:data1\" content=\"admin\" \/>\n\t<meta name=\"twitter:label2\" content=\"Gesch\u00e4tzte Lesezeit\" \/>\n\t<meta name=\"twitter:data2\" content=\"1\u00a0Minute\" \/>\n<script type=\"application\/ld+json\" class=\"yoast-schema-graph\">{\"@context\":\"https:\/\/schema.org\",\"@graph\":[{\"@type\":\"WebPage\",\"@id\":\"https:\/\/tvstud-siegen.de\/?p=54\",\"url\":\"https:\/\/tvstud-siegen.de\/?p=54\",\"name\":\"ver.di - Digitale Forderungsbefragung - TV-Stud Siegen\",\"isPartOf\":{\"@id\":\"https:\/\/tvstud-siegen.de\/#website\"},\"primaryImageOfPage\":{\"@id\":\"https:\/\/tvstud-siegen.de\/?p=54#primaryimage\"},\"image\":{\"@id\":\"https:\/\/tvstud-siegen.de\/?p=54#primaryimage\"},\"thumbnailUrl\":\"https:\/\/tvstud-siegen.de\/wp-content\/uploads\/2023\/09\/Forderungsbefragung-1024x1024.jpg\",\"datePublished\":\"2023-09-17T12:28:46+00:00\",\"dateModified\":\"2023-09-17T12:28:47+00:00\",\"author\":{\"@id\":\"https:\/\/tvstud-siegen.de\/#\/schema\/person\/9ca2c1b62e03b88fc4d50676e230bc9d\"},\"description\":\"\ud83d\udce2Noch bis zum 30.9.: JETZT mitbestimmen, was sich an Deinen Arbeitsbedingungen \u00e4ndern soll! Mach mit bei der digitalen Forderungsbefragung!\",\"breadcrumb\":{\"@id\":\"https:\/\/tvstud-siegen.de\/?p=54#breadcrumb\"},\"inLanguage\":\"de\",\"potentialAction\":[{\"@type\":\"ReadAction\",\"target\":[\"https:\/\/tvstud-siegen.de\/?p=54\"]}]},{\"@type\":\"ImageObject\",\"inLanguage\":\"de\",\"@id\":\"https:\/\/tvstud-siegen.de\/?p=54#primaryimage\",\"url\":\"https:\/\/tvstud-siegen.de\/wp-content\/uploads\/2023\/09\/Forderungsbefragung.jpg\",\"contentUrl\":\"https:\/\/tvstud-siegen.de\/wp-content\/uploads\/2023\/09\/Forderungsbefragung.jpg\",\"width\":1280,\"height\":1280},{\"@type\":\"BreadcrumbList\",\"@id\":\"https:\/\/tvstud-siegen.de\/?p=54#breadcrumb\",\"itemListElement\":[{\"@type\":\"ListItem\",\"position\":1,\"name\":\"Home\",\"item\":\"https:\/\/tvstud-siegen.de\/\"},{\"@type\":\"ListItem\",\"position\":2,\"name\":\"ver.di &#8211; Digitale Forderungsbefragung\"}]},{\"@type\":\"WebSite\",\"@id\":\"https:\/\/tvstud-siegen.de\/#website\",\"url\":\"https:\/\/tvstud-siegen.de\/\",\"name\":\"TV-Stud Siegen\",\"description\":\"Gewerkschaftliche Basisbewegung f\u00fcr einen Tarifvertrag und Mitbestimmung f\u00fcr Studentische Besch\u00e4ftigte\",\"potentialAction\":[{\"@type\":\"SearchAction\",\"target\":{\"@type\":\"EntryPoint\",\"urlTemplate\":\"https:\/\/tvstud-siegen.de\/?s={search_term_string}\"},\"query-input\":{\"@type\":\"PropertyValueSpecification\",\"valueRequired\":true,\"valueName\":\"search_term_string\"}}],\"inLanguage\":\"de\"},{\"@type\":\"Person\",\"@id\":\"https:\/\/tvstud-siegen.de\/#\/schema\/person\/9ca2c1b62e03b88fc4d50676e230bc9d\",\"name\":\"admin\",\"image\":{\"@type\":\"ImageObject\",\"inLanguage\":\"de\",\"@id\":\"https:\/\/tvstud-siegen.de\/#\/schema\/person\/image\/\",\"url\":\"https:\/\/secure.gravatar.com\/avatar\/694c79f59dc51d704688f8dfb729916499e50c2cc884415d8cb2fedf37f183ec?s=96&d=mm&r=g\",\"contentUrl\":\"https:\/\/secure.gravatar.com\/avatar\/694c79f59dc51d704688f8dfb729916499e50c2cc884415d8cb2fedf37f183ec?s=96&d=mm&r=g\",\"caption\":\"admin\"},\"sameAs\":[\"https:\/\/tvstud-siegen.de\"],\"url\":\"https:\/\/tvstud-siegen.de\/?author=1\"}]}<\/script>\n<!-- \/ Yoast SEO plugin. -->","yoast_head_json":{"title":"ver.di - Digitale Forderungsbefragung - TV-Stud Siegen","description":"\ud83d\udce2Noch bis zum 30.9.: JETZT mitbestimmen, was sich an Deinen Arbeitsbedingungen \u00e4ndern soll! Mach mit bei der digitalen Forderungsbefragung!","robots":{"index":"index","follow":"follow","max-snippet":"max-snippet:-1","max-image-preview":"max-image-preview:large","max-video-preview":"max-video-preview:-1"},"canonical":"https:\/\/tvstud-siegen.de\/?p=54","og_locale":"de_DE","og_type":"article","og_title":"ver.di - Digitale Forderungsbefragung - TV-Stud Siegen","og_description":"\ud83d\udce2Noch bis zum 30.9.: JETZT mitbestimmen, was sich an Deinen Arbeitsbedingungen \u00e4ndern soll! Mach mit bei der digitalen Forderungsbefragung!","og_url":"https:\/\/tvstud-siegen.de\/?p=54","og_site_name":"TV-Stud Siegen","article_published_time":"2023-09-17T12:28:46+00:00","article_modified_time":"2023-09-17T12:28:47+00:00","og_image":[{"url":"https:\/\/tvstud-siegen.de\/wp-content\/uploads\/2023\/09\/Forderungsbefragung-1024x1024.jpg","type":"","width":"","height":""}],"author":"admin","twitter_card":"summary_large_image","twitter_misc":{"Verfasst von":"admin","Gesch\u00e4tzte Lesezeit":"1\u00a0Minute"},"schema":{"@context":"https:\/\/schema.org","@graph":[{"@type":"WebPage","@id":"https:\/\/tvstud-siegen.de\/?p=54","url":"https:\/\/tvstud-siegen.de\/?p=54","name":"ver.di - Digitale Forderungsbefragung - TV-Stud Siegen","isPartOf":{"@id":"https:\/\/tvstud-siegen.de\/#website"},"primaryImageOfPage":{"@id":"https:\/\/tvstud-siegen.de\/?p=54#primaryimage"},"image":{"@id":"https:\/\/tvstud-siegen.de\/?p=54#primaryimage"},"thumbnailUrl":"https:\/\/tvstud-siegen.de\/wp-content\/uploads\/2023\/09\/Forderungsbefragung-1024x1024.jpg","datePublished":"2023-09-17T12:28:46+00:00","dateModified":"2023-09-17T12:28:47+00:00","author":{"@id":"https:\/\/tvstud-siegen.de\/#\/schema\/person\/9ca2c1b62e03b88fc4d50676e230bc9d"},"description":"\ud83d\udce2Noch bis zum 30.9.: JETZT mitbestimmen, was sich an Deinen Arbeitsbedingungen \u00e4ndern soll! Mach mit bei der digitalen Forderungsbefragung!","breadcrumb":{"@id":"https:\/\/tvstud-siegen.de\/?p=54#breadcrumb"},"inLanguage":"de","potentialAction":[{"@type":"ReadAction","target":["https:\/\/tvstud-siegen.de\/?p=54"]}]},{"@type":"ImageObject","inLanguage":"de","@id":"https:\/\/tvstud-siegen.de\/?p=54#primaryimage","url":"https:\/\/tvstud-siegen.de\/wp-content\/uploads\/2023\/09\/Forderungsbefragung.jpg","contentUrl":"https:\/\/tvstud-siegen.de\/wp-content\/uploads\/2023\/09\/Forderungsbefragung.jpg","width":1280,"height":1280},{"@type":"BreadcrumbList","@id":"https:\/\/tvstud-siegen.de\/?p=54#breadcrumb","itemListElement":[{"@type":"ListItem","position":1,"name":"Home","item":"https:\/\/tvstud-siegen.de\/"},{"@type":"ListItem","position":2,"name":"ver.di &#8211; Digitale Forderungsbefragung"}]},{"@type":"WebSite","@id":"https:\/\/tvstud-siegen.de\/#website","url":"https:\/\/tvstud-siegen.de\/","name":"TV-Stud Siegen","description":"Gewerkschaftliche Basisbewegung f\u00fcr einen Tarifvertrag und Mitbestimmung f\u00fcr Studentische Besch\u00e4ftigte","potentialAction":[{"@type":"SearchAction","target":{"@type":"EntryPoint","urlTemplate":"https:\/\/tvstud-siegen.de\/?s={search_term_string}"},"query-input":{"@type":"PropertyValueSpecification","valueRequired":true,"valueName":"search_term_string"}}],"inLanguage":"de"},{"@type":"Person","@id":"https:\/\/tvstud-siegen.de\/#\/schema\/person\/9ca2c1b62e03b88fc4d50676e230bc9d","name":"admin","image":{"@type":"ImageObject","inLanguage":"de","@id":"https:\/\/tvstud-siegen.de\/#\/schema\/person\/image\/","url":"https:\/\/secure.gravatar.com\/avatar\/694c79f59dc51d704688f8dfb729916499e50c2cc884415d8cb2fedf37f183ec?s=96&d=mm&r=g","contentUrl":"https:\/\/secure.gravatar.com\/avatar\/694c79f59dc51d704688f8dfb729916499e50c2cc884415d8cb2fedf37f183ec?s=96&d=mm&r=g","caption":"admin"},"sameAs":["https:\/\/tvstud-siegen.de"],"url":"https:\/\/tvstud-siegen.de\/?author=1"}]}},"_links":{"self":[{"href":"https:\/\/tvstud-siegen.de\/index.php?rest_route=\/wp\/v2\/posts\/54","targetHints":{"allow":["GET"]}}],"collection":[{"href":"https:\/\/tvstud-siegen.de\/index.php?rest_route=\/wp\/v2\/posts"}],"about":[{"href":"https:\/\/tvstud-siegen.de\/index.php?rest_route=\/wp\/v2\/types\/post"}],"author":[{"embeddable":true,"href":"https:\/\/tvstud-siegen.de\/index.php?rest_route=\/wp\/v2\/users\/1"}],"replies":[{"embeddable":true,"href":"https:\/\/tvstud-siegen.de\/index.php?rest_route=%2Fwp%2Fv2%2Fcomments&post=54"}],"version-history":[{"count":2,"href":"https:\/\/tvstud-siegen.de\/index.php?rest_route=\/wp\/v2\/posts\/54\/revisions"}],"predecessor-version":[{"id":57,"href":"https:\/\/tvstud-siegen.de\/index.php?rest_route=\/wp\/v2\/posts\/54\/revisions\/57"}],"wp:attachment":[{"href":"https:\/\/tvstud-siegen.de\/index.php?rest_route=%2Fwp%2Fv2%2Fmedia&parent=54"}],"wp:term":[{"taxonomy":"category","embeddable":true,"href":"https:\/\/tvstud-siegen.de\/index.php?rest_route=%2Fwp%2Fv2%2Fcategories&post=54"},{"taxonomy":"post_tag","embeddable":true,"href":"https:\/\/tvstud-siegen.de\/index.php?rest_route=%2Fwp%2Fv2%2Ftags&post=54"}],"curies":[{"name":"wp","href":"https:\/\/api.w.org\/{rel}","templated":true}]}}