{"id":58,"date":"2023-09-20T09:17:48","date_gmt":"2023-09-20T09:17:48","guid":{"rendered":"https:\/\/tvstud-siegen.de\/?p=58"},"modified":"2023-09-20T09:17:49","modified_gmt":"2023-09-20T09:17:49","slug":"bildungswende-jetzt","status":"publish","type":"post","link":"https:\/\/tvstud-siegen.de\/?p=58","title":{"rendered":"Bildungswende Jetzt!"},"content":{"rendered":"\n<figure class=\"wp-block-image size-large\"><img loading=\"lazy\" decoding=\"async\" width=\"1024\" height=\"1024\" src=\"https:\/\/tvstud-siegen.de\/wp-content\/uploads\/2023\/09\/Bildungsprotest-1024x1024.jpg\" alt=\"\" class=\"wp-image-59\" srcset=\"https:\/\/tvstud-siegen.de\/wp-content\/uploads\/2023\/09\/Bildungsprotest-1024x1024.jpg 1024w, https:\/\/tvstud-siegen.de\/wp-content\/uploads\/2023\/09\/Bildungsprotest-300x300.jpg 300w, https:\/\/tvstud-siegen.de\/wp-content\/uploads\/2023\/09\/Bildungsprotest-150x150.jpg 150w, https:\/\/tvstud-siegen.de\/wp-content\/uploads\/2023\/09\/Bildungsprotest-768x768.jpg 768w, https:\/\/tvstud-siegen.de\/wp-content\/uploads\/2023\/09\/Bildungsprotest.jpg 1080w\" sizes=\"auto, (max-width: 1024px) 100vw, 1024px\" \/><\/figure>\n\n\n\n<p>Wir rufen auf zur &#8222;Bildungswende Jetzt!&#8220;-Demonstration in K\u00f6ln. Eine Anreise aus Siegen wird von der GEW organisiert.  <\/p>\n\n\n\n<p>Werde Teil der Bildungsbewegung und aktiv beim Bildungsprotest 2023! Ziel ist, am 23.9.23 in m\u00f6glichst vielen Bundesl\u00e4ndern einen starken Bildungsprotest auf die Beine zu stellen. #Bildungswende #Bildungsprotest2023<\/p>\n\n\n\n<p>Das B\u00fcndnis <a href=\"https:\/\/www.bildungswende-jetzt.de\/\">&#8222;Bildungswende Jetzt!&#8220;<\/a> ruft auf zum bundesweiten Protest. Das B\u00fcndnis besteht aus Eltern, Sch\u00fcler<em>innen, Lehrkr\u00e4fte, Sozialarbeiter<\/em>innen und Erzieher*innen, die sich einsetzen f\u00fcr eine zukunftsf\u00e4higen und inklusive Bildung. Daf\u00fcr gehen wir auf die Stra\u00dfe und werden laut \u2013 am 23.09.23. Ob in der Schule, Ausbildungsstellen oder Universit\u00e4ten, wir gehen zusammen auf die Stra\u00dfe und fordern die Bildungswende Jetzt! <\/p>\n\n\n\n<p>Wir rufen daher zur Demo am 23.09.23 in K\u00f6ln am Heumarkt: Demostart 13 Uhr; Kundgebung 15:00. Die Anreise aus Siegen findet um 11Uhr statt an der Siegerlandhalle. Anmeldung vorher bitte an <a href=\"mailto:m.greve@greve.de\">m.greve1@gmx.de<\/a> schicken.   Wir sehen uns dort!<\/p>\n\n\n\n<p><a href=\"https:\/\/tvstud-siegen.de\/?page_id=10\">Get Organized!<\/a><\/p>\n","protected":false},"excerpt":{"rendered":"<p>Wir rufen auf zur &#8222;Bildungswende Jetzt!&#8220;-Demonstration in K\u00f6ln. Eine Anreise aus Siegen wird von der GEW organisiert. Werde Teil der Bildungsbewegung und aktiv beim Bildungsprotest 2023! Ziel ist, am 23.9.23 in m\u00f6glichst vielen Bundesl\u00e4ndern einen starken Bildungsprotest auf die Beine zu stellen. #Bildungswende #Bildungsprotest2023 Das B\u00fcndnis &#8222;Bildungswende Jetzt!&#8220; ruft auf zum bundesweiten Protest. Das B\u00fcndnis&hellip; <a class=\"more-link\" href=\"https:\/\/tvstud-siegen.de\/?p=58\"><span class=\"screen-reader-text\">Bildungswende Jetzt!<\/span> weiterlesen<\/a><\/p>\n","protected":false},"author":1,"featured_media":0,"comment_status":"open","ping_status":"open","sticky":false,"template":"","format":"standard","meta":{"footnotes":""},"categories":[1],"tags":[],"class_list":["post-58","post","type-post","status-publish","format-standard","hentry","category-uncategorized","entry"],"yoast_head":"<!-- This site is optimized with the Yoast SEO plugin v26.3 - https:\/\/yoast.com\/wordpress\/plugins\/seo\/ -->\n<title>Bildungswende Jetzt! - TV-Stud Siegen<\/title>\n<meta name=\"description\" content=\"Bildungswende Jetzt! Wir rufen auf zur &quot;Bildungswende Jetzt!&quot;-Demonstration in K\u00f6ln. Eine Anreise aus Siegen wird von der GEW organisiert.\" \/>\n<meta name=\"robots\" content=\"index, follow, max-snippet:-1, max-image-preview:large, max-video-preview:-1\" \/>\n<link rel=\"canonical\" href=\"https:\/\/tvstud-siegen.de\/?p=58\" \/>\n<meta property=\"og:locale\" content=\"de_DE\" \/>\n<meta property=\"og:type\" content=\"article\" \/>\n<meta property=\"og:title\" content=\"Bildungswende Jetzt! - TV-Stud Siegen\" \/>\n<meta property=\"og:description\" content=\"Bildungswende Jetzt! Wir rufen auf zur &quot;Bildungswende Jetzt!&quot;-Demonstration in K\u00f6ln. Eine Anreise aus Siegen wird von der GEW organisiert.\" \/>\n<meta property=\"og:url\" content=\"https:\/\/tvstud-siegen.de\/?p=58\" \/>\n<meta property=\"og:site_name\" content=\"TV-Stud Siegen\" \/>\n<meta property=\"article:published_time\" content=\"2023-09-20T09:17:48+00:00\" \/>\n<meta property=\"article:modified_time\" content=\"2023-09-20T09:17:49+00:00\" \/>\n<meta property=\"og:image\" content=\"https:\/\/tvstud-siegen.de\/wp-content\/uploads\/2023\/09\/Bildungsprotest-1024x1024.jpg\" \/>\n<meta name=\"author\" content=\"admin\" \/>\n<meta name=\"twitter:card\" content=\"summary_large_image\" \/>\n<meta name=\"twitter:label1\" content=\"Verfasst von\" \/>\n\t<meta name=\"twitter:data1\" content=\"admin\" \/>\n\t<meta name=\"twitter:label2\" content=\"Gesch\u00e4tzte Lesezeit\" \/>\n\t<meta name=\"twitter:data2\" content=\"1\u00a0Minute\" \/>\n<script type=\"application\/ld+json\" class=\"yoast-schema-graph\">{\"@context\":\"https:\/\/schema.org\",\"@graph\":[{\"@type\":\"WebPage\",\"@id\":\"https:\/\/tvstud-siegen.de\/?p=58\",\"url\":\"https:\/\/tvstud-siegen.de\/?p=58\",\"name\":\"Bildungswende Jetzt! - TV-Stud Siegen\",\"isPartOf\":{\"@id\":\"https:\/\/tvstud-siegen.de\/#website\"},\"primaryImageOfPage\":{\"@id\":\"https:\/\/tvstud-siegen.de\/?p=58#primaryimage\"},\"image\":{\"@id\":\"https:\/\/tvstud-siegen.de\/?p=58#primaryimage\"},\"thumbnailUrl\":\"https:\/\/tvstud-siegen.de\/wp-content\/uploads\/2023\/09\/Bildungsprotest-1024x1024.jpg\",\"datePublished\":\"2023-09-20T09:17:48+00:00\",\"dateModified\":\"2023-09-20T09:17:49+00:00\",\"author\":{\"@id\":\"https:\/\/tvstud-siegen.de\/#\/schema\/person\/9ca2c1b62e03b88fc4d50676e230bc9d\"},\"description\":\"Bildungswende Jetzt! Wir rufen auf zur \\\"Bildungswende Jetzt!\\\"-Demonstration in K\u00f6ln. Eine Anreise aus Siegen wird von der GEW organisiert.\",\"breadcrumb\":{\"@id\":\"https:\/\/tvstud-siegen.de\/?p=58#breadcrumb\"},\"inLanguage\":\"de\",\"potentialAction\":[{\"@type\":\"ReadAction\",\"target\":[\"https:\/\/tvstud-siegen.de\/?p=58\"]}]},{\"@type\":\"ImageObject\",\"inLanguage\":\"de\",\"@id\":\"https:\/\/tvstud-siegen.de\/?p=58#primaryimage\",\"url\":\"https:\/\/tvstud-siegen.de\/wp-content\/uploads\/2023\/09\/Bildungsprotest.jpg\",\"contentUrl\":\"https:\/\/tvstud-siegen.de\/wp-content\/uploads\/2023\/09\/Bildungsprotest.jpg\",\"width\":1080,\"height\":1080},{\"@type\":\"BreadcrumbList\",\"@id\":\"https:\/\/tvstud-siegen.de\/?p=58#breadcrumb\",\"itemListElement\":[{\"@type\":\"ListItem\",\"position\":1,\"name\":\"Home\",\"item\":\"https:\/\/tvstud-siegen.de\/\"},{\"@type\":\"ListItem\",\"position\":2,\"name\":\"Bildungswende Jetzt!\"}]},{\"@type\":\"WebSite\",\"@id\":\"https:\/\/tvstud-siegen.de\/#website\",\"url\":\"https:\/\/tvstud-siegen.de\/\",\"name\":\"TV-Stud Siegen\",\"description\":\"Gewerkschaftliche Basisbewegung f\u00fcr einen Tarifvertrag und Mitbestimmung f\u00fcr Studentische Besch\u00e4ftigte\",\"potentialAction\":[{\"@type\":\"SearchAction\",\"target\":{\"@type\":\"EntryPoint\",\"urlTemplate\":\"https:\/\/tvstud-siegen.de\/?s={search_term_string}\"},\"query-input\":{\"@type\":\"PropertyValueSpecification\",\"valueRequired\":true,\"valueName\":\"search_term_string\"}}],\"inLanguage\":\"de\"},{\"@type\":\"Person\",\"@id\":\"https:\/\/tvstud-siegen.de\/#\/schema\/person\/9ca2c1b62e03b88fc4d50676e230bc9d\",\"name\":\"admin\",\"image\":{\"@type\":\"ImageObject\",\"inLanguage\":\"de\",\"@id\":\"https:\/\/tvstud-siegen.de\/#\/schema\/person\/image\/\",\"url\":\"https:\/\/secure.gravatar.com\/avatar\/694c79f59dc51d704688f8dfb729916499e50c2cc884415d8cb2fedf37f183ec?s=96&d=mm&r=g\",\"contentUrl\":\"https:\/\/secure.gravatar.com\/avatar\/694c79f59dc51d704688f8dfb729916499e50c2cc884415d8cb2fedf37f183ec?s=96&d=mm&r=g\",\"caption\":\"admin\"},\"sameAs\":[\"https:\/\/tvstud-siegen.de\"],\"url\":\"https:\/\/tvstud-siegen.de\/?author=1\"}]}<\/script>\n<!-- \/ Yoast SEO plugin. -->","yoast_head_json":{"title":"Bildungswende Jetzt! - TV-Stud Siegen","description":"Bildungswende Jetzt! Wir rufen auf zur \"Bildungswende Jetzt!\"-Demonstration in K\u00f6ln. Eine Anreise aus Siegen wird von der GEW organisiert.","robots":{"index":"index","follow":"follow","max-snippet":"max-snippet:-1","max-image-preview":"max-image-preview:large","max-video-preview":"max-video-preview:-1"},"canonical":"https:\/\/tvstud-siegen.de\/?p=58","og_locale":"de_DE","og_type":"article","og_title":"Bildungswende Jetzt! - TV-Stud Siegen","og_description":"Bildungswende Jetzt! Wir rufen auf zur \"Bildungswende Jetzt!\"-Demonstration in K\u00f6ln. Eine Anreise aus Siegen wird von der GEW organisiert.","og_url":"https:\/\/tvstud-siegen.de\/?p=58","og_site_name":"TV-Stud Siegen","article_published_time":"2023-09-20T09:17:48+00:00","article_modified_time":"2023-09-20T09:17:49+00:00","og_image":[{"url":"https:\/\/tvstud-siegen.de\/wp-content\/uploads\/2023\/09\/Bildungsprotest-1024x1024.jpg","type":"","width":"","height":""}],"author":"admin","twitter_card":"summary_large_image","twitter_misc":{"Verfasst von":"admin","Gesch\u00e4tzte Lesezeit":"1\u00a0Minute"},"schema":{"@context":"https:\/\/schema.org","@graph":[{"@type":"WebPage","@id":"https:\/\/tvstud-siegen.de\/?p=58","url":"https:\/\/tvstud-siegen.de\/?p=58","name":"Bildungswende Jetzt! - TV-Stud Siegen","isPartOf":{"@id":"https:\/\/tvstud-siegen.de\/#website"},"primaryImageOfPage":{"@id":"https:\/\/tvstud-siegen.de\/?p=58#primaryimage"},"image":{"@id":"https:\/\/tvstud-siegen.de\/?p=58#primaryimage"},"thumbnailUrl":"https:\/\/tvstud-siegen.de\/wp-content\/uploads\/2023\/09\/Bildungsprotest-1024x1024.jpg","datePublished":"2023-09-20T09:17:48+00:00","dateModified":"2023-09-20T09:17:49+00:00","author":{"@id":"https:\/\/tvstud-siegen.de\/#\/schema\/person\/9ca2c1b62e03b88fc4d50676e230bc9d"},"description":"Bildungswende Jetzt! Wir rufen auf zur \"Bildungswende Jetzt!\"-Demonstration in K\u00f6ln. Eine Anreise aus Siegen wird von der GEW organisiert.","breadcrumb":{"@id":"https:\/\/tvstud-siegen.de\/?p=58#breadcrumb"},"inLanguage":"de","potentialAction":[{"@type":"ReadAction","target":["https:\/\/tvstud-siegen.de\/?p=58"]}]},{"@type":"ImageObject","inLanguage":"de","@id":"https:\/\/tvstud-siegen.de\/?p=58#primaryimage","url":"https:\/\/tvstud-siegen.de\/wp-content\/uploads\/2023\/09\/Bildungsprotest.jpg","contentUrl":"https:\/\/tvstud-siegen.de\/wp-content\/uploads\/2023\/09\/Bildungsprotest.jpg","width":1080,"height":1080},{"@type":"BreadcrumbList","@id":"https:\/\/tvstud-siegen.de\/?p=58#breadcrumb","itemListElement":[{"@type":"ListItem","position":1,"name":"Home","item":"https:\/\/tvstud-siegen.de\/"},{"@type":"ListItem","position":2,"name":"Bildungswende Jetzt!"}]},{"@type":"WebSite","@id":"https:\/\/tvstud-siegen.de\/#website","url":"https:\/\/tvstud-siegen.de\/","name":"TV-Stud Siegen","description":"Gewerkschaftliche Basisbewegung f\u00fcr einen Tarifvertrag und Mitbestimmung f\u00fcr Studentische Besch\u00e4ftigte","potentialAction":[{"@type":"SearchAction","target":{"@type":"EntryPoint","urlTemplate":"https:\/\/tvstud-siegen.de\/?s={search_term_string}"},"query-input":{"@type":"PropertyValueSpecification","valueRequired":true,"valueName":"search_term_string"}}],"inLanguage":"de"},{"@type":"Person","@id":"https:\/\/tvstud-siegen.de\/#\/schema\/person\/9ca2c1b62e03b88fc4d50676e230bc9d","name":"admin","image":{"@type":"ImageObject","inLanguage":"de","@id":"https:\/\/tvstud-siegen.de\/#\/schema\/person\/image\/","url":"https:\/\/secure.gravatar.com\/avatar\/694c79f59dc51d704688f8dfb729916499e50c2cc884415d8cb2fedf37f183ec?s=96&d=mm&r=g","contentUrl":"https:\/\/secure.gravatar.com\/avatar\/694c79f59dc51d704688f8dfb729916499e50c2cc884415d8cb2fedf37f183ec?s=96&d=mm&r=g","caption":"admin"},"sameAs":["https:\/\/tvstud-siegen.de"],"url":"https:\/\/tvstud-siegen.de\/?author=1"}]}},"_links":{"self":[{"href":"https:\/\/tvstud-siegen.de\/index.php?rest_route=\/wp\/v2\/posts\/58","targetHints":{"allow":["GET"]}}],"collection":[{"href":"https:\/\/tvstud-siegen.de\/index.php?rest_route=\/wp\/v2\/posts"}],"about":[{"href":"https:\/\/tvstud-siegen.de\/index.php?rest_route=\/wp\/v2\/types\/post"}],"author":[{"embeddable":true,"href":"https:\/\/tvstud-siegen.de\/index.php?rest_route=\/wp\/v2\/users\/1"}],"replies":[{"embeddable":true,"href":"https:\/\/tvstud-siegen.de\/index.php?rest_route=%2Fwp%2Fv2%2Fcomments&post=58"}],"version-history":[{"count":1,"href":"https:\/\/tvstud-siegen.de\/index.php?rest_route=\/wp\/v2\/posts\/58\/revisions"}],"predecessor-version":[{"id":60,"href":"https:\/\/tvstud-siegen.de\/index.php?rest_route=\/wp\/v2\/posts\/58\/revisions\/60"}],"wp:attachment":[{"href":"https:\/\/tvstud-siegen.de\/index.php?rest_route=%2Fwp%2Fv2%2Fmedia&parent=58"}],"wp:term":[{"taxonomy":"category","embeddable":true,"href":"https:\/\/tvstud-siegen.de\/index.php?rest_route=%2Fwp%2Fv2%2Fcategories&post=58"},{"taxonomy":"post_tag","embeddable":true,"href":"https:\/\/tvstud-siegen.de\/index.php?rest_route=%2Fwp%2Fv2%2Ftags&post=58"}],"curies":[{"name":"wp","href":"https:\/\/api.w.org\/{rel}","templated":true}]}}