{"id":67,"date":"2023-10-05T12:21:06","date_gmt":"2023-10-05T12:21:06","guid":{"rendered":"https:\/\/tvstud-siegen.de\/?p=67"},"modified":"2023-10-09T11:41:53","modified_gmt":"2023-10-09T11:41:53","slug":"tvstud-online-plenum-13-10-1830","status":"publish","type":"post","link":"https:\/\/tvstud-siegen.de\/?p=67","title":{"rendered":"TVStud-Online-Plenum 13.10. 18:30"},"content":{"rendered":"\n<p>Sei dabei, beim kommenden Online-Plenum von TVStud-Siegen! Am 13.10 um 18:30 auf <a href=\"https:\/\/uni-siegen.webex.com\/uni-siegen\/j.php?MTID=m8700c635e48e79c603eca8062bc9c4f5\">webex<\/a>!<\/p>\n\n\n\n<figure class=\"wp-block-image size-large\"><img loading=\"lazy\" decoding=\"async\" width=\"1024\" height=\"721\" src=\"https:\/\/tvstud-siegen.de\/wp-content\/uploads\/2023\/10\/plenum-1024x721.jpg\" alt=\"\" class=\"wp-image-69\" srcset=\"https:\/\/tvstud-siegen.de\/wp-content\/uploads\/2023\/10\/plenum-1024x721.jpg 1024w, https:\/\/tvstud-siegen.de\/wp-content\/uploads\/2023\/10\/plenum-300x211.jpg 300w, https:\/\/tvstud-siegen.de\/wp-content\/uploads\/2023\/10\/plenum-768x541.jpg 768w, https:\/\/tvstud-siegen.de\/wp-content\/uploads\/2023\/10\/plenum-1536x1082.jpg 1536w, https:\/\/tvstud-siegen.de\/wp-content\/uploads\/2023\/10\/plenum-2048x1443.jpg 2048w, https:\/\/tvstud-siegen.de\/wp-content\/uploads\/2023\/10\/plenum-1568x1105.jpg 1568w\" sizes=\"auto, (max-width: 1024px) 100vw, 1024px\" \/><\/figure>\n\n\n\n<p>Ihr wollt nicht die ganze Zeit dabei sein, sondern TVStud erst mal kennenlernen? Kein Problem! Anfangs stellen wir TVStud an sich, unsere Erfolge in diesem Semester und den Plan f\u00fcr das kommende Semester vor. Erst danach machen wir weiter mit der regul\u00e4ren Sitzung, Ihr k\u00f6nnt also entscheiden ob ihr erst mal reinschnuppern, oder direkt voll dabei sein wollt.  Hier findet ihr schon mal den Link: &#8222;https:\/\/uni-siegen.webex.com\/uni-siegen\/j.php?MTID=m8700c635e48e79c603eca8062bc9c4f5&#8220;.<\/p>\n\n\n\n<p>Zentrales Thema wird au\u00dferdem der Aktionstag am 20.11. sein. Seid dabei, seid gespannt!<\/p>\n\n\n\n<p>Let&#8217;s get organized to strike!<\/p>\n","protected":false},"excerpt":{"rendered":"<p>Sei dabei, beim kommenden Online-Plenum von TVStud-Siegen! Am 13.10 um 18:30 auf webex! Ihr wollt nicht die ganze Zeit dabei sein, sondern TVStud erst mal kennenlernen? Kein Problem! Anfangs stellen wir TVStud an sich, unsere Erfolge in diesem Semester und den Plan f\u00fcr das kommende Semester vor. Erst danach machen wir weiter mit der regul\u00e4ren&hellip; <a class=\"more-link\" href=\"https:\/\/tvstud-siegen.de\/?p=67\"><span class=\"screen-reader-text\">TVStud-Online-Plenum 13.10. 18:30<\/span> weiterlesen<\/a><\/p>\n","protected":false},"author":1,"featured_media":0,"comment_status":"open","ping_status":"open","sticky":false,"template":"","format":"standard","meta":{"footnotes":""},"categories":[1],"tags":[],"class_list":["post-67","post","type-post","status-publish","format-standard","hentry","category-uncategorized","entry"],"yoast_head":"<!-- This site is optimized with the Yoast SEO plugin v26.3 - https:\/\/yoast.com\/wordpress\/plugins\/seo\/ -->\n<title>TVStud-Online-Plenum 13.10. 18:30 - TV-Stud Siegen<\/title>\n<meta name=\"description\" content=\"Sei dabei, beim kommenden Online-Plenum von TVStud-Siegen! Am 13.10 um 18:30 auf webex! Let&#039;s get organized to strike!\" \/>\n<meta name=\"robots\" content=\"index, follow, max-snippet:-1, max-image-preview:large, max-video-preview:-1\" \/>\n<link rel=\"canonical\" href=\"https:\/\/tvstud-siegen.de\/?p=67\" \/>\n<meta property=\"og:locale\" content=\"de_DE\" \/>\n<meta property=\"og:type\" content=\"article\" \/>\n<meta property=\"og:title\" content=\"TVStud-Online-Plenum 13.10. 18:30 - TV-Stud Siegen\" \/>\n<meta property=\"og:description\" content=\"Sei dabei, beim kommenden Online-Plenum von TVStud-Siegen! Am 13.10 um 18:30 auf webex! Let&#039;s get organized to strike!\" \/>\n<meta property=\"og:url\" content=\"https:\/\/tvstud-siegen.de\/?p=67\" \/>\n<meta property=\"og:site_name\" content=\"TV-Stud Siegen\" \/>\n<meta property=\"article:published_time\" content=\"2023-10-05T12:21:06+00:00\" \/>\n<meta property=\"article:modified_time\" content=\"2023-10-09T11:41:53+00:00\" \/>\n<meta property=\"og:image\" content=\"https:\/\/tvstud-siegen.de\/wp-content\/uploads\/2023\/10\/plenum-1024x721.jpg\" \/>\n<meta name=\"author\" content=\"admin\" \/>\n<meta name=\"twitter:card\" content=\"summary_large_image\" \/>\n<meta name=\"twitter:label1\" content=\"Verfasst von\" \/>\n\t<meta name=\"twitter:data1\" content=\"admin\" \/>\n\t<meta name=\"twitter:label2\" content=\"Gesch\u00e4tzte Lesezeit\" \/>\n\t<meta name=\"twitter:data2\" content=\"1\u00a0Minute\" \/>\n<script type=\"application\/ld+json\" class=\"yoast-schema-graph\">{\"@context\":\"https:\/\/schema.org\",\"@graph\":[{\"@type\":\"WebPage\",\"@id\":\"https:\/\/tvstud-siegen.de\/?p=67\",\"url\":\"https:\/\/tvstud-siegen.de\/?p=67\",\"name\":\"TVStud-Online-Plenum 13.10. 18:30 - TV-Stud Siegen\",\"isPartOf\":{\"@id\":\"https:\/\/tvstud-siegen.de\/#website\"},\"primaryImageOfPage\":{\"@id\":\"https:\/\/tvstud-siegen.de\/?p=67#primaryimage\"},\"image\":{\"@id\":\"https:\/\/tvstud-siegen.de\/?p=67#primaryimage\"},\"thumbnailUrl\":\"https:\/\/tvstud-siegen.de\/wp-content\/uploads\/2023\/10\/plenum-1024x721.jpg\",\"datePublished\":\"2023-10-05T12:21:06+00:00\",\"dateModified\":\"2023-10-09T11:41:53+00:00\",\"author\":{\"@id\":\"https:\/\/tvstud-siegen.de\/#\/schema\/person\/9ca2c1b62e03b88fc4d50676e230bc9d\"},\"description\":\"Sei dabei, beim kommenden Online-Plenum von TVStud-Siegen! Am 13.10 um 18:30 auf webex! Let's get organized to strike!\",\"breadcrumb\":{\"@id\":\"https:\/\/tvstud-siegen.de\/?p=67#breadcrumb\"},\"inLanguage\":\"de\",\"potentialAction\":[{\"@type\":\"ReadAction\",\"target\":[\"https:\/\/tvstud-siegen.de\/?p=67\"]}]},{\"@type\":\"ImageObject\",\"inLanguage\":\"de\",\"@id\":\"https:\/\/tvstud-siegen.de\/?p=67#primaryimage\",\"url\":\"https:\/\/tvstud-siegen.de\/wp-content\/uploads\/2023\/10\/plenum-scaled.jpg\",\"contentUrl\":\"https:\/\/tvstud-siegen.de\/wp-content\/uploads\/2023\/10\/plenum-scaled.jpg\",\"width\":2560,\"height\":1804},{\"@type\":\"BreadcrumbList\",\"@id\":\"https:\/\/tvstud-siegen.de\/?p=67#breadcrumb\",\"itemListElement\":[{\"@type\":\"ListItem\",\"position\":1,\"name\":\"Home\",\"item\":\"https:\/\/tvstud-siegen.de\/\"},{\"@type\":\"ListItem\",\"position\":2,\"name\":\"TVStud-Online-Plenum 13.10. 18:30\"}]},{\"@type\":\"WebSite\",\"@id\":\"https:\/\/tvstud-siegen.de\/#website\",\"url\":\"https:\/\/tvstud-siegen.de\/\",\"name\":\"TV-Stud Siegen\",\"description\":\"Gewerkschaftliche Basisbewegung f\u00fcr einen Tarifvertrag und Mitbestimmung f\u00fcr Studentische Besch\u00e4ftigte\",\"potentialAction\":[{\"@type\":\"SearchAction\",\"target\":{\"@type\":\"EntryPoint\",\"urlTemplate\":\"https:\/\/tvstud-siegen.de\/?s={search_term_string}\"},\"query-input\":{\"@type\":\"PropertyValueSpecification\",\"valueRequired\":true,\"valueName\":\"search_term_string\"}}],\"inLanguage\":\"de\"},{\"@type\":\"Person\",\"@id\":\"https:\/\/tvstud-siegen.de\/#\/schema\/person\/9ca2c1b62e03b88fc4d50676e230bc9d\",\"name\":\"admin\",\"image\":{\"@type\":\"ImageObject\",\"inLanguage\":\"de\",\"@id\":\"https:\/\/tvstud-siegen.de\/#\/schema\/person\/image\/\",\"url\":\"https:\/\/secure.gravatar.com\/avatar\/694c79f59dc51d704688f8dfb729916499e50c2cc884415d8cb2fedf37f183ec?s=96&d=mm&r=g\",\"contentUrl\":\"https:\/\/secure.gravatar.com\/avatar\/694c79f59dc51d704688f8dfb729916499e50c2cc884415d8cb2fedf37f183ec?s=96&d=mm&r=g\",\"caption\":\"admin\"},\"sameAs\":[\"https:\/\/tvstud-siegen.de\"],\"url\":\"https:\/\/tvstud-siegen.de\/?author=1\"}]}<\/script>\n<!-- \/ Yoast SEO plugin. -->","yoast_head_json":{"title":"TVStud-Online-Plenum 13.10. 18:30 - TV-Stud Siegen","description":"Sei dabei, beim kommenden Online-Plenum von TVStud-Siegen! Am 13.10 um 18:30 auf webex! Let's get organized to strike!","robots":{"index":"index","follow":"follow","max-snippet":"max-snippet:-1","max-image-preview":"max-image-preview:large","max-video-preview":"max-video-preview:-1"},"canonical":"https:\/\/tvstud-siegen.de\/?p=67","og_locale":"de_DE","og_type":"article","og_title":"TVStud-Online-Plenum 13.10. 18:30 - TV-Stud Siegen","og_description":"Sei dabei, beim kommenden Online-Plenum von TVStud-Siegen! Am 13.10 um 18:30 auf webex! Let's get organized to strike!","og_url":"https:\/\/tvstud-siegen.de\/?p=67","og_site_name":"TV-Stud Siegen","article_published_time":"2023-10-05T12:21:06+00:00","article_modified_time":"2023-10-09T11:41:53+00:00","og_image":[{"url":"https:\/\/tvstud-siegen.de\/wp-content\/uploads\/2023\/10\/plenum-1024x721.jpg","type":"","width":"","height":""}],"author":"admin","twitter_card":"summary_large_image","twitter_misc":{"Verfasst von":"admin","Gesch\u00e4tzte Lesezeit":"1\u00a0Minute"},"schema":{"@context":"https:\/\/schema.org","@graph":[{"@type":"WebPage","@id":"https:\/\/tvstud-siegen.de\/?p=67","url":"https:\/\/tvstud-siegen.de\/?p=67","name":"TVStud-Online-Plenum 13.10. 18:30 - TV-Stud Siegen","isPartOf":{"@id":"https:\/\/tvstud-siegen.de\/#website"},"primaryImageOfPage":{"@id":"https:\/\/tvstud-siegen.de\/?p=67#primaryimage"},"image":{"@id":"https:\/\/tvstud-siegen.de\/?p=67#primaryimage"},"thumbnailUrl":"https:\/\/tvstud-siegen.de\/wp-content\/uploads\/2023\/10\/plenum-1024x721.jpg","datePublished":"2023-10-05T12:21:06+00:00","dateModified":"2023-10-09T11:41:53+00:00","author":{"@id":"https:\/\/tvstud-siegen.de\/#\/schema\/person\/9ca2c1b62e03b88fc4d50676e230bc9d"},"description":"Sei dabei, beim kommenden Online-Plenum von TVStud-Siegen! Am 13.10 um 18:30 auf webex! Let's get organized to strike!","breadcrumb":{"@id":"https:\/\/tvstud-siegen.de\/?p=67#breadcrumb"},"inLanguage":"de","potentialAction":[{"@type":"ReadAction","target":["https:\/\/tvstud-siegen.de\/?p=67"]}]},{"@type":"ImageObject","inLanguage":"de","@id":"https:\/\/tvstud-siegen.de\/?p=67#primaryimage","url":"https:\/\/tvstud-siegen.de\/wp-content\/uploads\/2023\/10\/plenum-scaled.jpg","contentUrl":"https:\/\/tvstud-siegen.de\/wp-content\/uploads\/2023\/10\/plenum-scaled.jpg","width":2560,"height":1804},{"@type":"BreadcrumbList","@id":"https:\/\/tvstud-siegen.de\/?p=67#breadcrumb","itemListElement":[{"@type":"ListItem","position":1,"name":"Home","item":"https:\/\/tvstud-siegen.de\/"},{"@type":"ListItem","position":2,"name":"TVStud-Online-Plenum 13.10. 18:30"}]},{"@type":"WebSite","@id":"https:\/\/tvstud-siegen.de\/#website","url":"https:\/\/tvstud-siegen.de\/","name":"TV-Stud Siegen","description":"Gewerkschaftliche Basisbewegung f\u00fcr einen Tarifvertrag und Mitbestimmung f\u00fcr Studentische Besch\u00e4ftigte","potentialAction":[{"@type":"SearchAction","target":{"@type":"EntryPoint","urlTemplate":"https:\/\/tvstud-siegen.de\/?s={search_term_string}"},"query-input":{"@type":"PropertyValueSpecification","valueRequired":true,"valueName":"search_term_string"}}],"inLanguage":"de"},{"@type":"Person","@id":"https:\/\/tvstud-siegen.de\/#\/schema\/person\/9ca2c1b62e03b88fc4d50676e230bc9d","name":"admin","image":{"@type":"ImageObject","inLanguage":"de","@id":"https:\/\/tvstud-siegen.de\/#\/schema\/person\/image\/","url":"https:\/\/secure.gravatar.com\/avatar\/694c79f59dc51d704688f8dfb729916499e50c2cc884415d8cb2fedf37f183ec?s=96&d=mm&r=g","contentUrl":"https:\/\/secure.gravatar.com\/avatar\/694c79f59dc51d704688f8dfb729916499e50c2cc884415d8cb2fedf37f183ec?s=96&d=mm&r=g","caption":"admin"},"sameAs":["https:\/\/tvstud-siegen.de"],"url":"https:\/\/tvstud-siegen.de\/?author=1"}]}},"_links":{"self":[{"href":"https:\/\/tvstud-siegen.de\/index.php?rest_route=\/wp\/v2\/posts\/67","targetHints":{"allow":["GET"]}}],"collection":[{"href":"https:\/\/tvstud-siegen.de\/index.php?rest_route=\/wp\/v2\/posts"}],"about":[{"href":"https:\/\/tvstud-siegen.de\/index.php?rest_route=\/wp\/v2\/types\/post"}],"author":[{"embeddable":true,"href":"https:\/\/tvstud-siegen.de\/index.php?rest_route=\/wp\/v2\/users\/1"}],"replies":[{"embeddable":true,"href":"https:\/\/tvstud-siegen.de\/index.php?rest_route=%2Fwp%2Fv2%2Fcomments&post=67"}],"version-history":[{"count":4,"href":"https:\/\/tvstud-siegen.de\/index.php?rest_route=\/wp\/v2\/posts\/67\/revisions"}],"predecessor-version":[{"id":77,"href":"https:\/\/tvstud-siegen.de\/index.php?rest_route=\/wp\/v2\/posts\/67\/revisions\/77"}],"wp:attachment":[{"href":"https:\/\/tvstud-siegen.de\/index.php?rest_route=%2Fwp%2Fv2%2Fmedia&parent=67"}],"wp:term":[{"taxonomy":"category","embeddable":true,"href":"https:\/\/tvstud-siegen.de\/index.php?rest_route=%2Fwp%2Fv2%2Fcategories&post=67"},{"taxonomy":"post_tag","embeddable":true,"href":"https:\/\/tvstud-siegen.de\/index.php?rest_route=%2Fwp%2Fv2%2Ftags&post=67"}],"curies":[{"name":"wp","href":"https:\/\/api.w.org\/{rel}","templated":true}]}}