{"id":73,"date":"2023-10-06T14:46:30","date_gmt":"2023-10-06T14:46:30","guid":{"rendered":"https:\/\/tvstud-siegen.de\/?p=73"},"modified":"2023-10-06T14:46:31","modified_gmt":"2023-10-06T14:46:31","slug":"tvstud-siegen-beim-roten-tresen","status":"publish","type":"post","link":"https:\/\/tvstud-siegen.de\/?p=73","title":{"rendered":"TVStud-Siegen beim Roten Tresen"},"content":{"rendered":"\n<p>Heute sind wir im VEB auf dem Roten Tresen. Komm vorbei und lern&#8216; uns kennen, bei entspannter Atmosph\u00e4re und Kaltgetr\u00e4nken deiner Wahl! <\/p>\n\n\n\n<figure class=\"wp-block-image size-large\"><img loading=\"lazy\" decoding=\"async\" width=\"1024\" height=\"1024\" src=\"https:\/\/tvstud-siegen.de\/wp-content\/uploads\/2023\/10\/Roter-Thresen-1024x1024.jpg\" alt=\"\" class=\"wp-image-74\" srcset=\"https:\/\/tvstud-siegen.de\/wp-content\/uploads\/2023\/10\/Roter-Thresen-1024x1024.jpg 1024w, https:\/\/tvstud-siegen.de\/wp-content\/uploads\/2023\/10\/Roter-Thresen-300x300.jpg 300w, https:\/\/tvstud-siegen.de\/wp-content\/uploads\/2023\/10\/Roter-Thresen-150x150.jpg 150w, https:\/\/tvstud-siegen.de\/wp-content\/uploads\/2023\/10\/Roter-Thresen-768x768.jpg 768w, https:\/\/tvstud-siegen.de\/wp-content\/uploads\/2023\/10\/Roter-Thresen.jpg 1280w\" sizes=\"auto, (max-width: 1024px) 100vw, 1024px\" \/><\/figure>\n\n\n\n<p>Neu an der Uni, oder doch schon dabei neue Zahlen kennenzulernen durch deine Semester? Egal, komm vorbei lerne uns kennen! <\/p>\n\n\n\n<p>\ud83d\udccc Wann? 06.10.  19 Uhr Einlass, 20:30 Beginn Input<\/p>\n\n\n\n<p>\ud83d\udcccWo? VEB (Marienbornerstra\u00dfe 16, 57074 Siegen)<\/p>\n\n\n\n<p>Wir sehen uns dort! Let&#8217;s get Organized to Strike!<\/p>\n","protected":false},"excerpt":{"rendered":"<p>Heute sind wir im VEB auf dem Roten Tresen. Komm vorbei und lern&#8216; uns kennen, bei entspannter Atmosph\u00e4re und Kaltgetr\u00e4nken deiner Wahl! Neu an der Uni, oder doch schon dabei neue Zahlen kennenzulernen durch deine Semester? Egal, komm vorbei lerne uns kennen! \ud83d\udccc Wann? 06.10. 19 Uhr Einlass, 20:30 Beginn Input \ud83d\udcccWo? VEB (Marienbornerstra\u00dfe 16,&hellip; <a class=\"more-link\" href=\"https:\/\/tvstud-siegen.de\/?p=73\"><span class=\"screen-reader-text\">TVStud-Siegen beim Roten Tresen<\/span> weiterlesen<\/a><\/p>\n","protected":false},"author":1,"featured_media":0,"comment_status":"open","ping_status":"open","sticky":false,"template":"","format":"standard","meta":{"footnotes":""},"categories":[1],"tags":[],"class_list":["post-73","post","type-post","status-publish","format-standard","hentry","category-uncategorized","entry"],"yoast_head":"<!-- This site is optimized with the Yoast SEO plugin v26.3 - https:\/\/yoast.com\/wordpress\/plugins\/seo\/ -->\n<title>TVStud-Siegen beim Roten Tresen - TV-Stud Siegen<\/title>\n<meta name=\"description\" content=\"Komm vorbei lerne uns kennen! \ud83d\udccc Wann? 06.10. 19 Uhr Einlass, 20:30 Beginn Input\ud83d\udcccWo? VEB (Marienbornerstra\u00dfe 16, 57074 Siegen)\" \/>\n<meta name=\"robots\" content=\"index, follow, max-snippet:-1, max-image-preview:large, max-video-preview:-1\" \/>\n<link rel=\"canonical\" href=\"https:\/\/tvstud-siegen.de\/?p=73\" \/>\n<meta property=\"og:locale\" content=\"de_DE\" \/>\n<meta property=\"og:type\" content=\"article\" \/>\n<meta property=\"og:title\" content=\"TVStud-Siegen beim Roten Tresen - TV-Stud Siegen\" \/>\n<meta property=\"og:description\" content=\"Komm vorbei lerne uns kennen! \ud83d\udccc Wann? 06.10. 19 Uhr Einlass, 20:30 Beginn Input\ud83d\udcccWo? VEB (Marienbornerstra\u00dfe 16, 57074 Siegen)\" \/>\n<meta property=\"og:url\" content=\"https:\/\/tvstud-siegen.de\/?p=73\" \/>\n<meta property=\"og:site_name\" content=\"TV-Stud Siegen\" \/>\n<meta property=\"article:published_time\" content=\"2023-10-06T14:46:30+00:00\" \/>\n<meta property=\"article:modified_time\" content=\"2023-10-06T14:46:31+00:00\" \/>\n<meta property=\"og:image\" content=\"https:\/\/tvstud-siegen.de\/wp-content\/uploads\/2023\/10\/Roter-Thresen-1024x1024.jpg\" \/>\n<meta name=\"author\" content=\"admin\" \/>\n<meta name=\"twitter:card\" content=\"summary_large_image\" \/>\n<meta name=\"twitter:label1\" content=\"Verfasst von\" \/>\n\t<meta name=\"twitter:data1\" content=\"admin\" \/>\n\t<meta name=\"twitter:label2\" content=\"Gesch\u00e4tzte Lesezeit\" \/>\n\t<meta name=\"twitter:data2\" content=\"1\u00a0Minute\" \/>\n<script type=\"application\/ld+json\" class=\"yoast-schema-graph\">{\"@context\":\"https:\/\/schema.org\",\"@graph\":[{\"@type\":\"WebPage\",\"@id\":\"https:\/\/tvstud-siegen.de\/?p=73\",\"url\":\"https:\/\/tvstud-siegen.de\/?p=73\",\"name\":\"TVStud-Siegen beim Roten Tresen - TV-Stud Siegen\",\"isPartOf\":{\"@id\":\"https:\/\/tvstud-siegen.de\/#website\"},\"primaryImageOfPage\":{\"@id\":\"https:\/\/tvstud-siegen.de\/?p=73#primaryimage\"},\"image\":{\"@id\":\"https:\/\/tvstud-siegen.de\/?p=73#primaryimage\"},\"thumbnailUrl\":\"https:\/\/tvstud-siegen.de\/wp-content\/uploads\/2023\/10\/Roter-Thresen-1024x1024.jpg\",\"datePublished\":\"2023-10-06T14:46:30+00:00\",\"dateModified\":\"2023-10-06T14:46:31+00:00\",\"author\":{\"@id\":\"https:\/\/tvstud-siegen.de\/#\/schema\/person\/9ca2c1b62e03b88fc4d50676e230bc9d\"},\"description\":\"Komm vorbei lerne uns kennen! \ud83d\udccc Wann? 06.10. 19 Uhr Einlass, 20:30 Beginn Input\ud83d\udcccWo? VEB (Marienbornerstra\u00dfe 16, 57074 Siegen)\",\"breadcrumb\":{\"@id\":\"https:\/\/tvstud-siegen.de\/?p=73#breadcrumb\"},\"inLanguage\":\"de\",\"potentialAction\":[{\"@type\":\"ReadAction\",\"target\":[\"https:\/\/tvstud-siegen.de\/?p=73\"]}]},{\"@type\":\"ImageObject\",\"inLanguage\":\"de\",\"@id\":\"https:\/\/tvstud-siegen.de\/?p=73#primaryimage\",\"url\":\"https:\/\/tvstud-siegen.de\/wp-content\/uploads\/2023\/10\/Roter-Thresen.jpg\",\"contentUrl\":\"https:\/\/tvstud-siegen.de\/wp-content\/uploads\/2023\/10\/Roter-Thresen.jpg\",\"width\":1280,\"height\":1280},{\"@type\":\"BreadcrumbList\",\"@id\":\"https:\/\/tvstud-siegen.de\/?p=73#breadcrumb\",\"itemListElement\":[{\"@type\":\"ListItem\",\"position\":1,\"name\":\"Home\",\"item\":\"https:\/\/tvstud-siegen.de\/\"},{\"@type\":\"ListItem\",\"position\":2,\"name\":\"TVStud-Siegen beim Roten Tresen\"}]},{\"@type\":\"WebSite\",\"@id\":\"https:\/\/tvstud-siegen.de\/#website\",\"url\":\"https:\/\/tvstud-siegen.de\/\",\"name\":\"TV-Stud Siegen\",\"description\":\"Gewerkschaftliche Basisbewegung f\u00fcr einen Tarifvertrag und Mitbestimmung f\u00fcr Studentische Besch\u00e4ftigte\",\"potentialAction\":[{\"@type\":\"SearchAction\",\"target\":{\"@type\":\"EntryPoint\",\"urlTemplate\":\"https:\/\/tvstud-siegen.de\/?s={search_term_string}\"},\"query-input\":{\"@type\":\"PropertyValueSpecification\",\"valueRequired\":true,\"valueName\":\"search_term_string\"}}],\"inLanguage\":\"de\"},{\"@type\":\"Person\",\"@id\":\"https:\/\/tvstud-siegen.de\/#\/schema\/person\/9ca2c1b62e03b88fc4d50676e230bc9d\",\"name\":\"admin\",\"image\":{\"@type\":\"ImageObject\",\"inLanguage\":\"de\",\"@id\":\"https:\/\/tvstud-siegen.de\/#\/schema\/person\/image\/\",\"url\":\"https:\/\/secure.gravatar.com\/avatar\/694c79f59dc51d704688f8dfb729916499e50c2cc884415d8cb2fedf37f183ec?s=96&d=mm&r=g\",\"contentUrl\":\"https:\/\/secure.gravatar.com\/avatar\/694c79f59dc51d704688f8dfb729916499e50c2cc884415d8cb2fedf37f183ec?s=96&d=mm&r=g\",\"caption\":\"admin\"},\"sameAs\":[\"https:\/\/tvstud-siegen.de\"],\"url\":\"https:\/\/tvstud-siegen.de\/?author=1\"}]}<\/script>\n<!-- \/ Yoast SEO plugin. -->","yoast_head_json":{"title":"TVStud-Siegen beim Roten Tresen - TV-Stud Siegen","description":"Komm vorbei lerne uns kennen! \ud83d\udccc Wann? 06.10. 19 Uhr Einlass, 20:30 Beginn Input\ud83d\udcccWo? VEB (Marienbornerstra\u00dfe 16, 57074 Siegen)","robots":{"index":"index","follow":"follow","max-snippet":"max-snippet:-1","max-image-preview":"max-image-preview:large","max-video-preview":"max-video-preview:-1"},"canonical":"https:\/\/tvstud-siegen.de\/?p=73","og_locale":"de_DE","og_type":"article","og_title":"TVStud-Siegen beim Roten Tresen - TV-Stud Siegen","og_description":"Komm vorbei lerne uns kennen! \ud83d\udccc Wann? 06.10. 19 Uhr Einlass, 20:30 Beginn Input\ud83d\udcccWo? VEB (Marienbornerstra\u00dfe 16, 57074 Siegen)","og_url":"https:\/\/tvstud-siegen.de\/?p=73","og_site_name":"TV-Stud Siegen","article_published_time":"2023-10-06T14:46:30+00:00","article_modified_time":"2023-10-06T14:46:31+00:00","og_image":[{"url":"https:\/\/tvstud-siegen.de\/wp-content\/uploads\/2023\/10\/Roter-Thresen-1024x1024.jpg","type":"","width":"","height":""}],"author":"admin","twitter_card":"summary_large_image","twitter_misc":{"Verfasst von":"admin","Gesch\u00e4tzte Lesezeit":"1\u00a0Minute"},"schema":{"@context":"https:\/\/schema.org","@graph":[{"@type":"WebPage","@id":"https:\/\/tvstud-siegen.de\/?p=73","url":"https:\/\/tvstud-siegen.de\/?p=73","name":"TVStud-Siegen beim Roten Tresen - TV-Stud Siegen","isPartOf":{"@id":"https:\/\/tvstud-siegen.de\/#website"},"primaryImageOfPage":{"@id":"https:\/\/tvstud-siegen.de\/?p=73#primaryimage"},"image":{"@id":"https:\/\/tvstud-siegen.de\/?p=73#primaryimage"},"thumbnailUrl":"https:\/\/tvstud-siegen.de\/wp-content\/uploads\/2023\/10\/Roter-Thresen-1024x1024.jpg","datePublished":"2023-10-06T14:46:30+00:00","dateModified":"2023-10-06T14:46:31+00:00","author":{"@id":"https:\/\/tvstud-siegen.de\/#\/schema\/person\/9ca2c1b62e03b88fc4d50676e230bc9d"},"description":"Komm vorbei lerne uns kennen! \ud83d\udccc Wann? 06.10. 19 Uhr Einlass, 20:30 Beginn Input\ud83d\udcccWo? VEB (Marienbornerstra\u00dfe 16, 57074 Siegen)","breadcrumb":{"@id":"https:\/\/tvstud-siegen.de\/?p=73#breadcrumb"},"inLanguage":"de","potentialAction":[{"@type":"ReadAction","target":["https:\/\/tvstud-siegen.de\/?p=73"]}]},{"@type":"ImageObject","inLanguage":"de","@id":"https:\/\/tvstud-siegen.de\/?p=73#primaryimage","url":"https:\/\/tvstud-siegen.de\/wp-content\/uploads\/2023\/10\/Roter-Thresen.jpg","contentUrl":"https:\/\/tvstud-siegen.de\/wp-content\/uploads\/2023\/10\/Roter-Thresen.jpg","width":1280,"height":1280},{"@type":"BreadcrumbList","@id":"https:\/\/tvstud-siegen.de\/?p=73#breadcrumb","itemListElement":[{"@type":"ListItem","position":1,"name":"Home","item":"https:\/\/tvstud-siegen.de\/"},{"@type":"ListItem","position":2,"name":"TVStud-Siegen beim Roten Tresen"}]},{"@type":"WebSite","@id":"https:\/\/tvstud-siegen.de\/#website","url":"https:\/\/tvstud-siegen.de\/","name":"TV-Stud Siegen","description":"Gewerkschaftliche Basisbewegung f\u00fcr einen Tarifvertrag und Mitbestimmung f\u00fcr Studentische Besch\u00e4ftigte","potentialAction":[{"@type":"SearchAction","target":{"@type":"EntryPoint","urlTemplate":"https:\/\/tvstud-siegen.de\/?s={search_term_string}"},"query-input":{"@type":"PropertyValueSpecification","valueRequired":true,"valueName":"search_term_string"}}],"inLanguage":"de"},{"@type":"Person","@id":"https:\/\/tvstud-siegen.de\/#\/schema\/person\/9ca2c1b62e03b88fc4d50676e230bc9d","name":"admin","image":{"@type":"ImageObject","inLanguage":"de","@id":"https:\/\/tvstud-siegen.de\/#\/schema\/person\/image\/","url":"https:\/\/secure.gravatar.com\/avatar\/694c79f59dc51d704688f8dfb729916499e50c2cc884415d8cb2fedf37f183ec?s=96&d=mm&r=g","contentUrl":"https:\/\/secure.gravatar.com\/avatar\/694c79f59dc51d704688f8dfb729916499e50c2cc884415d8cb2fedf37f183ec?s=96&d=mm&r=g","caption":"admin"},"sameAs":["https:\/\/tvstud-siegen.de"],"url":"https:\/\/tvstud-siegen.de\/?author=1"}]}},"_links":{"self":[{"href":"https:\/\/tvstud-siegen.de\/index.php?rest_route=\/wp\/v2\/posts\/73","targetHints":{"allow":["GET"]}}],"collection":[{"href":"https:\/\/tvstud-siegen.de\/index.php?rest_route=\/wp\/v2\/posts"}],"about":[{"href":"https:\/\/tvstud-siegen.de\/index.php?rest_route=\/wp\/v2\/types\/post"}],"author":[{"embeddable":true,"href":"https:\/\/tvstud-siegen.de\/index.php?rest_route=\/wp\/v2\/users\/1"}],"replies":[{"embeddable":true,"href":"https:\/\/tvstud-siegen.de\/index.php?rest_route=%2Fwp%2Fv2%2Fcomments&post=73"}],"version-history":[{"count":1,"href":"https:\/\/tvstud-siegen.de\/index.php?rest_route=\/wp\/v2\/posts\/73\/revisions"}],"predecessor-version":[{"id":75,"href":"https:\/\/tvstud-siegen.de\/index.php?rest_route=\/wp\/v2\/posts\/73\/revisions\/75"}],"wp:attachment":[{"href":"https:\/\/tvstud-siegen.de\/index.php?rest_route=%2Fwp%2Fv2%2Fmedia&parent=73"}],"wp:term":[{"taxonomy":"category","embeddable":true,"href":"https:\/\/tvstud-siegen.de\/index.php?rest_route=%2Fwp%2Fv2%2Fcategories&post=73"},{"taxonomy":"post_tag","embeddable":true,"href":"https:\/\/tvstud-siegen.de\/index.php?rest_route=%2Fwp%2Fv2%2Ftags&post=73"}],"curies":[{"name":"wp","href":"https:\/\/api.w.org\/{rel}","templated":true}]}}