{"id":81,"date":"2023-10-27T13:19:53","date_gmt":"2023-10-27T13:19:53","guid":{"rendered":"https:\/\/tvstud-siegen.de\/?p=81"},"modified":"2023-10-27T13:31:17","modified_gmt":"2023-10-27T13:31:17","slug":"die-naechsten-termine","status":"publish","type":"post","link":"https:\/\/tvstud-siegen.de\/?p=81","title":{"rendered":"Die n\u00e4chsten Termine"},"content":{"rendered":"\n<p>Direkt nach dem ersten Verhandlungstag der Tarifrunde der L\u00e4nder (TdL) kommen hier auch schon die n\u00e4chsten Termine:<\/p>\n\n\n\n<figure class=\"wp-block-image size-large\"><img loading=\"lazy\" decoding=\"async\" width=\"1024\" height=\"683\" src=\"https:\/\/tvstud-siegen.de\/wp-content\/uploads\/2023\/10\/save_the_date-1024x683.jpg\" alt=\"\" class=\"wp-image-83\" srcset=\"https:\/\/tvstud-siegen.de\/wp-content\/uploads\/2023\/10\/save_the_date-1024x683.jpg 1024w, https:\/\/tvstud-siegen.de\/wp-content\/uploads\/2023\/10\/save_the_date-300x200.jpg 300w, https:\/\/tvstud-siegen.de\/wp-content\/uploads\/2023\/10\/save_the_date-768x512.jpg 768w, https:\/\/tvstud-siegen.de\/wp-content\/uploads\/2023\/10\/save_the_date-1536x1025.jpg 1536w, https:\/\/tvstud-siegen.de\/wp-content\/uploads\/2023\/10\/save_the_date-2048x1366.jpg 2048w, https:\/\/tvstud-siegen.de\/wp-content\/uploads\/2023\/10\/save_the_date-1568x1046.jpg 1568w\" sizes=\"auto, (max-width: 1024px) 100vw, 1024px\" \/><figcaption class=\"wp-element-caption\">Zur Verf\u00fcgung gestellt auf https:\/\/unsplash.com\/ von <a href=\"https:\/\/unsplash.com\/de\/@towfiqu999999?utm_content=creditCopyText&amp;utm_medium=referral&amp;utm_source=unsplash\">Towfiqu barbhuiya<\/a><\/figcaption><\/figure>\n\n\n\n<p>\u23f0Save the date (s):<br>Am 02.11. und 03.11. finden die beiden n\u00e4chsten Verhandlungstage der Tarifrunde der L\u00e4nder (TdL) statt.<\/p>\n\n\n\n<p>Weitere Termine:<\/p>\n\n\n\n<p>\u23f0TVStud-Siegen Initiativentreffen:<br>Am 31.10. um 18:30 findet unser n\u00e4chstes Treffen statt. F\u00fcr alle neuen gibt es 20-30 Minuten langes Onboarding. Was ist TVStud, warum ist TVStud, aktuelle Situation der Bewegung, usw. Danach regul\u00e4res Orgatreffen. Wer also erstmal vorbeikommen m\u00f6chte muss nicht zum ganzen Plenum bleiben, ist aber nat\u00fcrlich herzlich dazu eingeladen! \ud83d\ude4c<\/p>\n\n\n\n<p>\u23f0Hochschulaktionstag:<br>20.11. findet der bundesweite Aktionstag statt, um auf prek\u00e4re Arbeit in der Wissenschaft, an Universit\u00e4ten und Schulen aufmerksam zu machen! TVStud-Siegen ist auch dabei und wird an verschiedenen Campi anwesend sein. Du willst mithelfen? Dann komm zum n\u00e4chsten B\u00fcndnistreffen, werde Gewerkschaftsmitglied, oder, oder, oder. Es gibt viele M\u00f6glichkeiten mitzumachen!<\/p>\n\n\n\n<p>\ud83d\udcbbAuf dem Channel der bundesweiten sowie landesweiten (https:\/\/t.me\/TVStudNRW) Vernetzung erhaltet ihr Infos oder \u00fcber eure lokale Ini, TVStud-Siegen!<\/p>\n\n\n\n<p>\u2764\ufe0fLieber Gru\u00df von Euren TVStud-Tarifbotschafter*innen aus ver.di und GEW!<\/p>\n\n\n\n<p><a href=\"https:\/\/tvstud-siegen.de\/?page_id=10\">Let&#8217;s get organized to strike!<\/a><\/p>\n","protected":false},"excerpt":{"rendered":"<p>Direkt nach dem ersten Verhandlungstag der Tarifrunde der L\u00e4nder (TdL) kommen hier auch schon die n\u00e4chsten Termine: \u23f0Save the date (s):Am 02.11. und 03.11. finden die beiden n\u00e4chsten Verhandlungstage der Tarifrunde der L\u00e4nder (TdL) statt. Weitere Termine: \u23f0TVStud-Siegen Initiativentreffen:Am 31.10. um 18:30 findet unser n\u00e4chstes Treffen statt. F\u00fcr alle neuen gibt es 20-30 Minuten langes&hellip; <a class=\"more-link\" href=\"https:\/\/tvstud-siegen.de\/?p=81\"><span class=\"screen-reader-text\">Die n\u00e4chsten Termine<\/span> weiterlesen<\/a><\/p>\n","protected":false},"author":1,"featured_media":0,"comment_status":"open","ping_status":"open","sticky":false,"template":"","format":"standard","meta":{"footnotes":""},"categories":[1],"tags":[],"class_list":["post-81","post","type-post","status-publish","format-standard","hentry","category-uncategorized","entry"],"yoast_head":"<!-- This site is optimized with the Yoast SEO plugin v26.3 - https:\/\/yoast.com\/wordpress\/plugins\/seo\/ -->\n<title>Die n\u00e4chsten Termine - TV-Stud Siegen<\/title>\n<meta name=\"description\" content=\"\u23f0Save the date (s):Am 02.11. und 03.11. finden die beiden n\u00e4chsten Termine bzw. Verhandlungstage der Tarifrunde der L\u00e4nder (TdL) statt.\" \/>\n<meta name=\"robots\" content=\"index, follow, max-snippet:-1, max-image-preview:large, max-video-preview:-1\" \/>\n<link rel=\"canonical\" href=\"https:\/\/tvstud-siegen.de\/?p=81\" \/>\n<meta property=\"og:locale\" content=\"de_DE\" \/>\n<meta property=\"og:type\" content=\"article\" \/>\n<meta property=\"og:title\" content=\"Die n\u00e4chsten Termine - TV-Stud Siegen\" \/>\n<meta property=\"og:description\" content=\"\u23f0Save the date (s):Am 02.11. und 03.11. finden die beiden n\u00e4chsten Termine bzw. Verhandlungstage der Tarifrunde der L\u00e4nder (TdL) statt.\" \/>\n<meta property=\"og:url\" content=\"https:\/\/tvstud-siegen.de\/?p=81\" \/>\n<meta property=\"og:site_name\" content=\"TV-Stud Siegen\" \/>\n<meta property=\"article:published_time\" content=\"2023-10-27T13:19:53+00:00\" \/>\n<meta property=\"article:modified_time\" content=\"2023-10-27T13:31:17+00:00\" \/>\n<meta property=\"og:image\" content=\"https:\/\/tvstud-siegen.de\/wp-content\/uploads\/2023\/10\/save_the_date-1024x683.jpg\" \/>\n<meta name=\"author\" content=\"admin\" \/>\n<meta name=\"twitter:card\" content=\"summary_large_image\" \/>\n<meta name=\"twitter:label1\" content=\"Verfasst von\" \/>\n\t<meta name=\"twitter:data1\" content=\"admin\" \/>\n\t<meta name=\"twitter:label2\" content=\"Gesch\u00e4tzte Lesezeit\" \/>\n\t<meta name=\"twitter:data2\" content=\"2\u00a0Minuten\" \/>\n<script type=\"application\/ld+json\" class=\"yoast-schema-graph\">{\"@context\":\"https:\/\/schema.org\",\"@graph\":[{\"@type\":\"WebPage\",\"@id\":\"https:\/\/tvstud-siegen.de\/?p=81\",\"url\":\"https:\/\/tvstud-siegen.de\/?p=81\",\"name\":\"Die n\u00e4chsten Termine - TV-Stud Siegen\",\"isPartOf\":{\"@id\":\"https:\/\/tvstud-siegen.de\/#website\"},\"primaryImageOfPage\":{\"@id\":\"https:\/\/tvstud-siegen.de\/?p=81#primaryimage\"},\"image\":{\"@id\":\"https:\/\/tvstud-siegen.de\/?p=81#primaryimage\"},\"thumbnailUrl\":\"https:\/\/tvstud-siegen.de\/wp-content\/uploads\/2023\/10\/save_the_date-1024x683.jpg\",\"datePublished\":\"2023-10-27T13:19:53+00:00\",\"dateModified\":\"2023-10-27T13:31:17+00:00\",\"author\":{\"@id\":\"https:\/\/tvstud-siegen.de\/#\/schema\/person\/9ca2c1b62e03b88fc4d50676e230bc9d\"},\"description\":\"\u23f0Save the date (s):Am 02.11. und 03.11. finden die beiden n\u00e4chsten Termine bzw. Verhandlungstage der Tarifrunde der L\u00e4nder (TdL) statt.\",\"breadcrumb\":{\"@id\":\"https:\/\/tvstud-siegen.de\/?p=81#breadcrumb\"},\"inLanguage\":\"de\",\"potentialAction\":[{\"@type\":\"ReadAction\",\"target\":[\"https:\/\/tvstud-siegen.de\/?p=81\"]}]},{\"@type\":\"ImageObject\",\"inLanguage\":\"de\",\"@id\":\"https:\/\/tvstud-siegen.de\/?p=81#primaryimage\",\"url\":\"https:\/\/tvstud-siegen.de\/wp-content\/uploads\/2023\/10\/save_the_date-scaled.jpg\",\"contentUrl\":\"https:\/\/tvstud-siegen.de\/wp-content\/uploads\/2023\/10\/save_the_date-scaled.jpg\",\"width\":2560,\"height\":1708},{\"@type\":\"BreadcrumbList\",\"@id\":\"https:\/\/tvstud-siegen.de\/?p=81#breadcrumb\",\"itemListElement\":[{\"@type\":\"ListItem\",\"position\":1,\"name\":\"Home\",\"item\":\"https:\/\/tvstud-siegen.de\/\"},{\"@type\":\"ListItem\",\"position\":2,\"name\":\"Die n\u00e4chsten Termine\"}]},{\"@type\":\"WebSite\",\"@id\":\"https:\/\/tvstud-siegen.de\/#website\",\"url\":\"https:\/\/tvstud-siegen.de\/\",\"name\":\"TV-Stud Siegen\",\"description\":\"Gewerkschaftliche Basisbewegung f\u00fcr einen Tarifvertrag und Mitbestimmung f\u00fcr Studentische Besch\u00e4ftigte\",\"potentialAction\":[{\"@type\":\"SearchAction\",\"target\":{\"@type\":\"EntryPoint\",\"urlTemplate\":\"https:\/\/tvstud-siegen.de\/?s={search_term_string}\"},\"query-input\":{\"@type\":\"PropertyValueSpecification\",\"valueRequired\":true,\"valueName\":\"search_term_string\"}}],\"inLanguage\":\"de\"},{\"@type\":\"Person\",\"@id\":\"https:\/\/tvstud-siegen.de\/#\/schema\/person\/9ca2c1b62e03b88fc4d50676e230bc9d\",\"name\":\"admin\",\"image\":{\"@type\":\"ImageObject\",\"inLanguage\":\"de\",\"@id\":\"https:\/\/tvstud-siegen.de\/#\/schema\/person\/image\/\",\"url\":\"https:\/\/secure.gravatar.com\/avatar\/694c79f59dc51d704688f8dfb729916499e50c2cc884415d8cb2fedf37f183ec?s=96&d=mm&r=g\",\"contentUrl\":\"https:\/\/secure.gravatar.com\/avatar\/694c79f59dc51d704688f8dfb729916499e50c2cc884415d8cb2fedf37f183ec?s=96&d=mm&r=g\",\"caption\":\"admin\"},\"sameAs\":[\"https:\/\/tvstud-siegen.de\"],\"url\":\"https:\/\/tvstud-siegen.de\/?author=1\"}]}<\/script>\n<!-- \/ Yoast SEO plugin. -->","yoast_head_json":{"title":"Die n\u00e4chsten Termine - TV-Stud Siegen","description":"\u23f0Save the date (s):Am 02.11. und 03.11. finden die beiden n\u00e4chsten Termine bzw. Verhandlungstage der Tarifrunde der L\u00e4nder (TdL) statt.","robots":{"index":"index","follow":"follow","max-snippet":"max-snippet:-1","max-image-preview":"max-image-preview:large","max-video-preview":"max-video-preview:-1"},"canonical":"https:\/\/tvstud-siegen.de\/?p=81","og_locale":"de_DE","og_type":"article","og_title":"Die n\u00e4chsten Termine - TV-Stud Siegen","og_description":"\u23f0Save the date (s):Am 02.11. und 03.11. finden die beiden n\u00e4chsten Termine bzw. Verhandlungstage der Tarifrunde der L\u00e4nder (TdL) statt.","og_url":"https:\/\/tvstud-siegen.de\/?p=81","og_site_name":"TV-Stud Siegen","article_published_time":"2023-10-27T13:19:53+00:00","article_modified_time":"2023-10-27T13:31:17+00:00","og_image":[{"url":"https:\/\/tvstud-siegen.de\/wp-content\/uploads\/2023\/10\/save_the_date-1024x683.jpg","type":"","width":"","height":""}],"author":"admin","twitter_card":"summary_large_image","twitter_misc":{"Verfasst von":"admin","Gesch\u00e4tzte Lesezeit":"2\u00a0Minuten"},"schema":{"@context":"https:\/\/schema.org","@graph":[{"@type":"WebPage","@id":"https:\/\/tvstud-siegen.de\/?p=81","url":"https:\/\/tvstud-siegen.de\/?p=81","name":"Die n\u00e4chsten Termine - TV-Stud Siegen","isPartOf":{"@id":"https:\/\/tvstud-siegen.de\/#website"},"primaryImageOfPage":{"@id":"https:\/\/tvstud-siegen.de\/?p=81#primaryimage"},"image":{"@id":"https:\/\/tvstud-siegen.de\/?p=81#primaryimage"},"thumbnailUrl":"https:\/\/tvstud-siegen.de\/wp-content\/uploads\/2023\/10\/save_the_date-1024x683.jpg","datePublished":"2023-10-27T13:19:53+00:00","dateModified":"2023-10-27T13:31:17+00:00","author":{"@id":"https:\/\/tvstud-siegen.de\/#\/schema\/person\/9ca2c1b62e03b88fc4d50676e230bc9d"},"description":"\u23f0Save the date (s):Am 02.11. und 03.11. finden die beiden n\u00e4chsten Termine bzw. Verhandlungstage der Tarifrunde der L\u00e4nder (TdL) statt.","breadcrumb":{"@id":"https:\/\/tvstud-siegen.de\/?p=81#breadcrumb"},"inLanguage":"de","potentialAction":[{"@type":"ReadAction","target":["https:\/\/tvstud-siegen.de\/?p=81"]}]},{"@type":"ImageObject","inLanguage":"de","@id":"https:\/\/tvstud-siegen.de\/?p=81#primaryimage","url":"https:\/\/tvstud-siegen.de\/wp-content\/uploads\/2023\/10\/save_the_date-scaled.jpg","contentUrl":"https:\/\/tvstud-siegen.de\/wp-content\/uploads\/2023\/10\/save_the_date-scaled.jpg","width":2560,"height":1708},{"@type":"BreadcrumbList","@id":"https:\/\/tvstud-siegen.de\/?p=81#breadcrumb","itemListElement":[{"@type":"ListItem","position":1,"name":"Home","item":"https:\/\/tvstud-siegen.de\/"},{"@type":"ListItem","position":2,"name":"Die n\u00e4chsten Termine"}]},{"@type":"WebSite","@id":"https:\/\/tvstud-siegen.de\/#website","url":"https:\/\/tvstud-siegen.de\/","name":"TV-Stud Siegen","description":"Gewerkschaftliche Basisbewegung f\u00fcr einen Tarifvertrag und Mitbestimmung f\u00fcr Studentische Besch\u00e4ftigte","potentialAction":[{"@type":"SearchAction","target":{"@type":"EntryPoint","urlTemplate":"https:\/\/tvstud-siegen.de\/?s={search_term_string}"},"query-input":{"@type":"PropertyValueSpecification","valueRequired":true,"valueName":"search_term_string"}}],"inLanguage":"de"},{"@type":"Person","@id":"https:\/\/tvstud-siegen.de\/#\/schema\/person\/9ca2c1b62e03b88fc4d50676e230bc9d","name":"admin","image":{"@type":"ImageObject","inLanguage":"de","@id":"https:\/\/tvstud-siegen.de\/#\/schema\/person\/image\/","url":"https:\/\/secure.gravatar.com\/avatar\/694c79f59dc51d704688f8dfb729916499e50c2cc884415d8cb2fedf37f183ec?s=96&d=mm&r=g","contentUrl":"https:\/\/secure.gravatar.com\/avatar\/694c79f59dc51d704688f8dfb729916499e50c2cc884415d8cb2fedf37f183ec?s=96&d=mm&r=g","caption":"admin"},"sameAs":["https:\/\/tvstud-siegen.de"],"url":"https:\/\/tvstud-siegen.de\/?author=1"}]}},"_links":{"self":[{"href":"https:\/\/tvstud-siegen.de\/index.php?rest_route=\/wp\/v2\/posts\/81","targetHints":{"allow":["GET"]}}],"collection":[{"href":"https:\/\/tvstud-siegen.de\/index.php?rest_route=\/wp\/v2\/posts"}],"about":[{"href":"https:\/\/tvstud-siegen.de\/index.php?rest_route=\/wp\/v2\/types\/post"}],"author":[{"embeddable":true,"href":"https:\/\/tvstud-siegen.de\/index.php?rest_route=\/wp\/v2\/users\/1"}],"replies":[{"embeddable":true,"href":"https:\/\/tvstud-siegen.de\/index.php?rest_route=%2Fwp%2Fv2%2Fcomments&post=81"}],"version-history":[{"count":2,"href":"https:\/\/tvstud-siegen.de\/index.php?rest_route=\/wp\/v2\/posts\/81\/revisions"}],"predecessor-version":[{"id":86,"href":"https:\/\/tvstud-siegen.de\/index.php?rest_route=\/wp\/v2\/posts\/81\/revisions\/86"}],"wp:attachment":[{"href":"https:\/\/tvstud-siegen.de\/index.php?rest_route=%2Fwp%2Fv2%2Fmedia&parent=81"}],"wp:term":[{"taxonomy":"category","embeddable":true,"href":"https:\/\/tvstud-siegen.de\/index.php?rest_route=%2Fwp%2Fv2%2Fcategories&post=81"},{"taxonomy":"post_tag","embeddable":true,"href":"https:\/\/tvstud-siegen.de\/index.php?rest_route=%2Fwp%2Fv2%2Ftags&post=81"}],"curies":[{"name":"wp","href":"https:\/\/api.w.org\/{rel}","templated":true}]}}