{"id":94,"date":"2023-11-19T20:36:06","date_gmt":"2023-11-19T20:36:06","guid":{"rendered":"https:\/\/tvstud-siegen.de\/?p=94"},"modified":"2023-11-19T20:38:29","modified_gmt":"2023-11-19T20:38:29","slug":"%e2%9d%a4%ef%b8%8f%f0%9f%94%a5-siegen-streikt-am-hochschulaktionstag-%e2%9d%a4%ef%b8%8f%f0%9f%94%a5","status":"publish","type":"post","link":"https:\/\/tvstud-siegen.de\/?p=94","title":{"rendered":"\u2764\ufe0f\u200d\ud83d\udd25 Siegen streikt am Hochschulaktionstag \u2764\ufe0f\u200d\ud83d\udd25"},"content":{"rendered":"\n<p>\ud83d\udea8Achtung, Achtung\u2026 Wichtige Information!<br>Gewaltige Ansage an die Finanz- und Wissenschaftsminister*innen! <br>Am 20.11. alle auf die Stra\u00dfe zum bundesweiten #Hochschulaktionstag gegen prek\u00e4re Wissenschaft! Auch in Siegen gibt es Streik!<\/p>\n\n\n\n<figure class=\"wp-block-image size-large\"><img loading=\"lazy\" decoding=\"async\" width=\"1024\" height=\"683\" src=\"https:\/\/tvstud-siegen.de\/wp-content\/uploads\/2023\/11\/streik-1-1024x683.jpg\" alt=\"\" class=\"wp-image-95\" srcset=\"https:\/\/tvstud-siegen.de\/wp-content\/uploads\/2023\/11\/streik-1-1024x683.jpg 1024w, https:\/\/tvstud-siegen.de\/wp-content\/uploads\/2023\/11\/streik-1-300x200.jpg 300w, https:\/\/tvstud-siegen.de\/wp-content\/uploads\/2023\/11\/streik-1-768x512.jpg 768w, https:\/\/tvstud-siegen.de\/wp-content\/uploads\/2023\/11\/streik-1-1536x1024.jpg 1536w, https:\/\/tvstud-siegen.de\/wp-content\/uploads\/2023\/11\/streik-1-2048x1365.jpg 2048w, https:\/\/tvstud-siegen.de\/wp-content\/uploads\/2023\/11\/streik-1-1568x1045.jpg 1568w\" sizes=\"auto, (max-width: 1024px) 100vw, 1024px\" \/><\/figure>\n\n\n\n<p>\u27a1\ufe0f in 49 St\u00e4dten wird gegen das prek\u00e4re Wissenschaftssystem und f\u00fcr einen #TVStud gestreikt! \ud83d\ude80<br>\u27a1\ufe0f in \u00fcber 70 St\u00e4dten gibt es <a href=\"https:\/\/hochschulaktionstag.de\/\">Aktionen<\/a> \ud83d\udca5<\/p>\n\n\n\n<p>An der Uni Siegen findet ihr uns hier:<\/p>\n\n\n\n<p><br>\u23f0 10:00 &#8211; 16:00 Adolf-Reichwein-Campus, Foyer Mensa Geb\u00e4ude<\/p>\n\n\n\n<p>\u23f0 10:00 &#8211; 16:00 H\u00f6lderlin Campus im Eingangsfoyer<\/p>\n\n\n\n<p>\u23f0 10:00 &#8211; 16:00, im Foyer des US-C (Unteres Schloss)<\/p>\n\n\n\n<p>Lasst uns gemeinsam mit den B\u00fcndnispartner<em>innen und unseren Kolleg<\/em>innen, Kommiliton*innen, MTV und Dozierenden die Uni und die Hochschulen lahmlegen. Schluss mit prek\u00e4rer Wissenschaft! Her mit dem Tarifvertrag. Montag ist kein Arbeitstag, Montag ist Streiktag! \ud83e\udd29\ud83d\udcaa<\/p>\n\n\n\n<p><a href=\"https:\/\/tvstud-siegen.de\/?page_id=10\">Let&#8217;s strike!<\/a><\/p>\n","protected":false},"excerpt":{"rendered":"<p>\ud83d\udea8Achtung, Achtung\u2026 Wichtige Information!Gewaltige Ansage an die Finanz- und Wissenschaftsminister*innen! Am 20.11. alle auf die Stra\u00dfe zum bundesweiten #Hochschulaktionstag gegen prek\u00e4re Wissenschaft! Auch in Siegen gibt es Streik! \u27a1\ufe0f in 49 St\u00e4dten wird gegen das prek\u00e4re Wissenschaftssystem und f\u00fcr einen #TVStud gestreikt! \ud83d\ude80\u27a1\ufe0f in \u00fcber 70 St\u00e4dten gibt es Aktionen \ud83d\udca5 An der Uni Siegen&hellip; <a class=\"more-link\" href=\"https:\/\/tvstud-siegen.de\/?p=94\"><span class=\"screen-reader-text\">\u2764\ufe0f\u200d\ud83d\udd25 Siegen streikt am Hochschulaktionstag \u2764\ufe0f\u200d\ud83d\udd25<\/span> weiterlesen<\/a><\/p>\n","protected":false},"author":1,"featured_media":0,"comment_status":"open","ping_status":"open","sticky":false,"template":"","format":"standard","meta":{"footnotes":""},"categories":[1],"tags":[],"class_list":["post-94","post","type-post","status-publish","format-standard","hentry","category-uncategorized","entry"],"yoast_head":"<!-- This site is optimized with the Yoast SEO plugin v26.3 - https:\/\/yoast.com\/wordpress\/plugins\/seo\/ -->\n<title>\u2764\ufe0f\u200d\ud83d\udd25 Siegen streikt am Hochschulaktionstag \u2764\ufe0f\u200d\ud83d\udd25 - TV-Stud Siegen<\/title>\n<meta name=\"description\" content=\"Lasst uns gemeinsam mit den B\u00fcndnispartnerinnen und unseren Kolleginnen, Kommiliton*innen, MTV und Dozierenden die Uni und die Hochschulen lahmlegen.\" \/>\n<meta name=\"robots\" content=\"index, follow, max-snippet:-1, max-image-preview:large, max-video-preview:-1\" \/>\n<link rel=\"canonical\" href=\"https:\/\/tvstud-siegen.de\/?p=94\" \/>\n<meta property=\"og:locale\" content=\"de_DE\" \/>\n<meta property=\"og:type\" content=\"article\" \/>\n<meta property=\"og:title\" content=\"\u2764\ufe0f\u200d\ud83d\udd25 Siegen streikt am Hochschulaktionstag \u2764\ufe0f\u200d\ud83d\udd25 - TV-Stud Siegen\" \/>\n<meta property=\"og:description\" content=\"Lasst uns gemeinsam mit den B\u00fcndnispartnerinnen und unseren Kolleginnen, Kommiliton*innen, MTV und Dozierenden die Uni und die Hochschulen lahmlegen.\" \/>\n<meta property=\"og:url\" content=\"https:\/\/tvstud-siegen.de\/?p=94\" \/>\n<meta property=\"og:site_name\" content=\"TV-Stud Siegen\" \/>\n<meta property=\"article:published_time\" content=\"2023-11-19T20:36:06+00:00\" \/>\n<meta property=\"article:modified_time\" content=\"2023-11-19T20:38:29+00:00\" \/>\n<meta property=\"og:image\" content=\"https:\/\/tvstud-siegen.de\/wp-content\/uploads\/2023\/11\/streik-1-1024x683.jpg\" \/>\n<meta name=\"author\" content=\"admin\" \/>\n<meta name=\"twitter:card\" content=\"summary_large_image\" \/>\n<meta name=\"twitter:label1\" content=\"Verfasst von\" \/>\n\t<meta name=\"twitter:data1\" content=\"admin\" \/>\n\t<meta name=\"twitter:label2\" content=\"Gesch\u00e4tzte Lesezeit\" \/>\n\t<meta name=\"twitter:data2\" content=\"1\u00a0Minute\" \/>\n<script type=\"application\/ld+json\" class=\"yoast-schema-graph\">{\"@context\":\"https:\/\/schema.org\",\"@graph\":[{\"@type\":\"WebPage\",\"@id\":\"https:\/\/tvstud-siegen.de\/?p=94\",\"url\":\"https:\/\/tvstud-siegen.de\/?p=94\",\"name\":\"\u2764\ufe0f\u200d\ud83d\udd25 Siegen streikt am Hochschulaktionstag \u2764\ufe0f\u200d\ud83d\udd25 - TV-Stud Siegen\",\"isPartOf\":{\"@id\":\"https:\/\/tvstud-siegen.de\/#website\"},\"primaryImageOfPage\":{\"@id\":\"https:\/\/tvstud-siegen.de\/?p=94#primaryimage\"},\"image\":{\"@id\":\"https:\/\/tvstud-siegen.de\/?p=94#primaryimage\"},\"thumbnailUrl\":\"https:\/\/tvstud-siegen.de\/wp-content\/uploads\/2023\/11\/streik-1-1024x683.jpg\",\"datePublished\":\"2023-11-19T20:36:06+00:00\",\"dateModified\":\"2023-11-19T20:38:29+00:00\",\"author\":{\"@id\":\"https:\/\/tvstud-siegen.de\/#\/schema\/person\/9ca2c1b62e03b88fc4d50676e230bc9d\"},\"description\":\"Lasst uns gemeinsam mit den B\u00fcndnispartnerinnen und unseren Kolleginnen, Kommiliton*innen, MTV und Dozierenden die Uni und die Hochschulen lahmlegen.\",\"breadcrumb\":{\"@id\":\"https:\/\/tvstud-siegen.de\/?p=94#breadcrumb\"},\"inLanguage\":\"de\",\"potentialAction\":[{\"@type\":\"ReadAction\",\"target\":[\"https:\/\/tvstud-siegen.de\/?p=94\"]}]},{\"@type\":\"ImageObject\",\"inLanguage\":\"de\",\"@id\":\"https:\/\/tvstud-siegen.de\/?p=94#primaryimage\",\"url\":\"https:\/\/tvstud-siegen.de\/wp-content\/uploads\/2023\/11\/streik-1-scaled.jpg\",\"contentUrl\":\"https:\/\/tvstud-siegen.de\/wp-content\/uploads\/2023\/11\/streik-1-scaled.jpg\",\"width\":2560,\"height\":1706},{\"@type\":\"BreadcrumbList\",\"@id\":\"https:\/\/tvstud-siegen.de\/?p=94#breadcrumb\",\"itemListElement\":[{\"@type\":\"ListItem\",\"position\":1,\"name\":\"Home\",\"item\":\"https:\/\/tvstud-siegen.de\/\"},{\"@type\":\"ListItem\",\"position\":2,\"name\":\"\u2764\ufe0f\u200d\ud83d\udd25 Siegen streikt am Hochschulaktionstag \u2764\ufe0f\u200d\ud83d\udd25\"}]},{\"@type\":\"WebSite\",\"@id\":\"https:\/\/tvstud-siegen.de\/#website\",\"url\":\"https:\/\/tvstud-siegen.de\/\",\"name\":\"TV-Stud Siegen\",\"description\":\"Gewerkschaftliche Basisbewegung f\u00fcr einen Tarifvertrag und Mitbestimmung f\u00fcr Studentische Besch\u00e4ftigte\",\"potentialAction\":[{\"@type\":\"SearchAction\",\"target\":{\"@type\":\"EntryPoint\",\"urlTemplate\":\"https:\/\/tvstud-siegen.de\/?s={search_term_string}\"},\"query-input\":{\"@type\":\"PropertyValueSpecification\",\"valueRequired\":true,\"valueName\":\"search_term_string\"}}],\"inLanguage\":\"de\"},{\"@type\":\"Person\",\"@id\":\"https:\/\/tvstud-siegen.de\/#\/schema\/person\/9ca2c1b62e03b88fc4d50676e230bc9d\",\"name\":\"admin\",\"image\":{\"@type\":\"ImageObject\",\"inLanguage\":\"de\",\"@id\":\"https:\/\/tvstud-siegen.de\/#\/schema\/person\/image\/\",\"url\":\"https:\/\/secure.gravatar.com\/avatar\/694c79f59dc51d704688f8dfb729916499e50c2cc884415d8cb2fedf37f183ec?s=96&d=mm&r=g\",\"contentUrl\":\"https:\/\/secure.gravatar.com\/avatar\/694c79f59dc51d704688f8dfb729916499e50c2cc884415d8cb2fedf37f183ec?s=96&d=mm&r=g\",\"caption\":\"admin\"},\"sameAs\":[\"https:\/\/tvstud-siegen.de\"],\"url\":\"https:\/\/tvstud-siegen.de\/?author=1\"}]}<\/script>\n<!-- \/ Yoast SEO plugin. -->","yoast_head_json":{"title":"\u2764\ufe0f\u200d\ud83d\udd25 Siegen streikt am Hochschulaktionstag \u2764\ufe0f\u200d\ud83d\udd25 - TV-Stud Siegen","description":"Lasst uns gemeinsam mit den B\u00fcndnispartnerinnen und unseren Kolleginnen, Kommiliton*innen, MTV und Dozierenden die Uni und die Hochschulen lahmlegen.","robots":{"index":"index","follow":"follow","max-snippet":"max-snippet:-1","max-image-preview":"max-image-preview:large","max-video-preview":"max-video-preview:-1"},"canonical":"https:\/\/tvstud-siegen.de\/?p=94","og_locale":"de_DE","og_type":"article","og_title":"\u2764\ufe0f\u200d\ud83d\udd25 Siegen streikt am Hochschulaktionstag \u2764\ufe0f\u200d\ud83d\udd25 - TV-Stud Siegen","og_description":"Lasst uns gemeinsam mit den B\u00fcndnispartnerinnen und unseren Kolleginnen, Kommiliton*innen, MTV und Dozierenden die Uni und die Hochschulen lahmlegen.","og_url":"https:\/\/tvstud-siegen.de\/?p=94","og_site_name":"TV-Stud Siegen","article_published_time":"2023-11-19T20:36:06+00:00","article_modified_time":"2023-11-19T20:38:29+00:00","og_image":[{"url":"https:\/\/tvstud-siegen.de\/wp-content\/uploads\/2023\/11\/streik-1-1024x683.jpg","type":"","width":"","height":""}],"author":"admin","twitter_card":"summary_large_image","twitter_misc":{"Verfasst von":"admin","Gesch\u00e4tzte Lesezeit":"1\u00a0Minute"},"schema":{"@context":"https:\/\/schema.org","@graph":[{"@type":"WebPage","@id":"https:\/\/tvstud-siegen.de\/?p=94","url":"https:\/\/tvstud-siegen.de\/?p=94","name":"\u2764\ufe0f\u200d\ud83d\udd25 Siegen streikt am Hochschulaktionstag \u2764\ufe0f\u200d\ud83d\udd25 - TV-Stud Siegen","isPartOf":{"@id":"https:\/\/tvstud-siegen.de\/#website"},"primaryImageOfPage":{"@id":"https:\/\/tvstud-siegen.de\/?p=94#primaryimage"},"image":{"@id":"https:\/\/tvstud-siegen.de\/?p=94#primaryimage"},"thumbnailUrl":"https:\/\/tvstud-siegen.de\/wp-content\/uploads\/2023\/11\/streik-1-1024x683.jpg","datePublished":"2023-11-19T20:36:06+00:00","dateModified":"2023-11-19T20:38:29+00:00","author":{"@id":"https:\/\/tvstud-siegen.de\/#\/schema\/person\/9ca2c1b62e03b88fc4d50676e230bc9d"},"description":"Lasst uns gemeinsam mit den B\u00fcndnispartnerinnen und unseren Kolleginnen, Kommiliton*innen, MTV und Dozierenden die Uni und die Hochschulen lahmlegen.","breadcrumb":{"@id":"https:\/\/tvstud-siegen.de\/?p=94#breadcrumb"},"inLanguage":"de","potentialAction":[{"@type":"ReadAction","target":["https:\/\/tvstud-siegen.de\/?p=94"]}]},{"@type":"ImageObject","inLanguage":"de","@id":"https:\/\/tvstud-siegen.de\/?p=94#primaryimage","url":"https:\/\/tvstud-siegen.de\/wp-content\/uploads\/2023\/11\/streik-1-scaled.jpg","contentUrl":"https:\/\/tvstud-siegen.de\/wp-content\/uploads\/2023\/11\/streik-1-scaled.jpg","width":2560,"height":1706},{"@type":"BreadcrumbList","@id":"https:\/\/tvstud-siegen.de\/?p=94#breadcrumb","itemListElement":[{"@type":"ListItem","position":1,"name":"Home","item":"https:\/\/tvstud-siegen.de\/"},{"@type":"ListItem","position":2,"name":"\u2764\ufe0f\u200d\ud83d\udd25 Siegen streikt am Hochschulaktionstag \u2764\ufe0f\u200d\ud83d\udd25"}]},{"@type":"WebSite","@id":"https:\/\/tvstud-siegen.de\/#website","url":"https:\/\/tvstud-siegen.de\/","name":"TV-Stud Siegen","description":"Gewerkschaftliche Basisbewegung f\u00fcr einen Tarifvertrag und Mitbestimmung f\u00fcr Studentische Besch\u00e4ftigte","potentialAction":[{"@type":"SearchAction","target":{"@type":"EntryPoint","urlTemplate":"https:\/\/tvstud-siegen.de\/?s={search_term_string}"},"query-input":{"@type":"PropertyValueSpecification","valueRequired":true,"valueName":"search_term_string"}}],"inLanguage":"de"},{"@type":"Person","@id":"https:\/\/tvstud-siegen.de\/#\/schema\/person\/9ca2c1b62e03b88fc4d50676e230bc9d","name":"admin","image":{"@type":"ImageObject","inLanguage":"de","@id":"https:\/\/tvstud-siegen.de\/#\/schema\/person\/image\/","url":"https:\/\/secure.gravatar.com\/avatar\/694c79f59dc51d704688f8dfb729916499e50c2cc884415d8cb2fedf37f183ec?s=96&d=mm&r=g","contentUrl":"https:\/\/secure.gravatar.com\/avatar\/694c79f59dc51d704688f8dfb729916499e50c2cc884415d8cb2fedf37f183ec?s=96&d=mm&r=g","caption":"admin"},"sameAs":["https:\/\/tvstud-siegen.de"],"url":"https:\/\/tvstud-siegen.de\/?author=1"}]}},"_links":{"self":[{"href":"https:\/\/tvstud-siegen.de\/index.php?rest_route=\/wp\/v2\/posts\/94","targetHints":{"allow":["GET"]}}],"collection":[{"href":"https:\/\/tvstud-siegen.de\/index.php?rest_route=\/wp\/v2\/posts"}],"about":[{"href":"https:\/\/tvstud-siegen.de\/index.php?rest_route=\/wp\/v2\/types\/post"}],"author":[{"embeddable":true,"href":"https:\/\/tvstud-siegen.de\/index.php?rest_route=\/wp\/v2\/users\/1"}],"replies":[{"embeddable":true,"href":"https:\/\/tvstud-siegen.de\/index.php?rest_route=%2Fwp%2Fv2%2Fcomments&post=94"}],"version-history":[{"count":3,"href":"https:\/\/tvstud-siegen.de\/index.php?rest_route=\/wp\/v2\/posts\/94\/revisions"}],"predecessor-version":[{"id":98,"href":"https:\/\/tvstud-siegen.de\/index.php?rest_route=\/wp\/v2\/posts\/94\/revisions\/98"}],"wp:attachment":[{"href":"https:\/\/tvstud-siegen.de\/index.php?rest_route=%2Fwp%2Fv2%2Fmedia&parent=94"}],"wp:term":[{"taxonomy":"category","embeddable":true,"href":"https:\/\/tvstud-siegen.de\/index.php?rest_route=%2Fwp%2Fv2%2Fcategories&post=94"},{"taxonomy":"post_tag","embeddable":true,"href":"https:\/\/tvstud-siegen.de\/index.php?rest_route=%2Fwp%2Fv2%2Ftags&post=94"}],"curies":[{"name":"wp","href":"https:\/\/api.w.org\/{rel}","templated":true}]}}